{"id":103733,"date":"2022-02-03T10:46:48","date_gmt":"2022-02-03T13:46:48","guid":{"rendered":"https:\/\/eldiariodesanpedro.com.ar\/sitio\/?p=103733"},"modified":"2022-02-03T10:46:50","modified_gmt":"2022-02-03T13:46:50","slug":"ayer-comenzaron-trabajos-preliminares-para-la-repavimentacion-de-la-ruta-191","status":"publish","type":"post","link":"https:\/\/eldiariodesanpedro.com.ar\/sitio\/ayer-comenzaron-trabajos-preliminares-para-la-repavimentacion-de-la-ruta-191\/","title":{"rendered":"Ayer comenzaron trabajos preliminares para la repavimentaci\u00f3n de la ruta 191"},"content":{"rendered":"<!-- VideographyWP Plugin Message: Automatic video embedding prevented by plugin options. -->\n\n<p>La noticia fue confirmada por la Delegaci\u00f3n de Santa Luc\u00eda a trav\u00e9s de su Facebook. Comenzaron algunos trabajos preliminares por parte de la empresa ELEPRINT S.A. que tiene a cargo la repavimentaci\u00f3n de la Ruta 191, entre San Pedro y Arrecifes.<\/p>\n\n\n\n<p>Luego del receso de fin de a\u00f1o y de resolver cuestiones vinculadas con casos de Covid-19 en su personal, la adjudicataria que ya cuenta con maquinarias en el obrador montado en el KM 39 de la ruta, colocar\u00e1 la carteler\u00eda de se\u00f1alizaci\u00f3n correspondiente e iniciar\u00e1 las tareas de fresado y bacheo correspondientes iniciando los trabajos desde el cruce de Ruta 191 y 9, donde adem\u00e1s se efectuar\u00e1 una obra de reparaci\u00f3n total.<\/p>\n\n\n\n<p>Los trabajos comienza tras la aprobaci\u00f3n a trav\u00e9s de una resoluci\u00f3n de Vialidad, se adjudic\u00f3 la obra a la empresa Eleprint S.A. por un monto de \u00a0$ 1.006.061.568,53.<\/p>\n\n\n\n<p>De acuerdo a lo informado por el titular de Vialidad al Intendente Salazar,  el plazo de ejecuci\u00f3n y conservaci\u00f3n es de 365 d\u00edas corridos divididos en dos etapas.<\/p>\n","protected":false},"excerpt":{"rendered":"<p>La noticia fue confirmada por la Delegaci\u00f3n de Santa Luc\u00eda a trav\u00e9s de su Facebook. Comenzaron algunos trabajos preliminares por parte de la empresa ELEPRINT S.A. que tiene a cargo la repavimentaci\u00f3n de la Ruta 191, entre San Pedro y Arrecifes. Luego del receso de fin de a\u00f1o y de resolver cuestiones vinculadas con casos [&hellip;]<\/p>\n","protected":false},"author":4,"featured_media":103734,"comment_status":"closed","ping_status":"closed","sticky":false,"template":"","format":"standard","meta":{"om_disable_all_campaigns":false,"_jetpack_memberships_contains_paid_content":false,"footnotes":""},"categories":[50,101,2],"tags":[],"class_list":["post-103733","post","type-post","status-publish","format-standard","has-post-thumbnail","hentry","category-destacadas","category-interes-general-locales","category-locales"],"aioseo_notices":[],"gutentor_comment":0,"jetpack_featured_media_url":"https:\/\/eldiariodesanpedro.com.ar\/sitio\/wp-content\/uploads\/2022\/02\/medida-1.jpg","jetpack_shortlink":"https:\/\/wp.me\/p6RhLt-qZ7","jetpack_sharing_enabled":true,"_links":{"self":[{"href":"https:\/\/eldiariodesanpedro.com.ar\/sitio\/wp-json\/wp\/v2\/posts\/103733","targetHints":{"allow":["GET"]}}],"collection":[{"href":"https:\/\/eldiariodesanpedro.com.ar\/sitio\/wp-json\/wp\/v2\/posts"}],"about":[{"href":"https:\/\/eldiariodesanpedro.com.ar\/sitio\/wp-json\/wp\/v2\/types\/post"}],"author":[{"embeddable":true,"href":"https:\/\/eldiariodesanpedro.com.ar\/sitio\/wp-json\/wp\/v2\/users\/4"}],"replies":[{"embeddable":true,"href":"https:\/\/eldiariodesanpedro.com.ar\/sitio\/wp-json\/wp\/v2\/comments?post=103733"}],"version-history":[{"count":1,"href":"https:\/\/eldiariodesanpedro.com.ar\/sitio\/wp-json\/wp\/v2\/posts\/103733\/revisions"}],"predecessor-version":[{"id":103735,"href":"https:\/\/eldiariodesanpedro.com.ar\/sitio\/wp-json\/wp\/v2\/posts\/103733\/revisions\/103735"}],"wp:featuredmedia":[{"embeddable":true,"href":"https:\/\/eldiariodesanpedro.com.ar\/sitio\/wp-json\/wp\/v2\/media\/103734"}],"wp:attachment":[{"href":"https:\/\/eldiariodesanpedro.com.ar\/sitio\/wp-json\/wp\/v2\/media?parent=103733"}],"wp:term":[{"taxonomy":"category","embeddable":true,"href":"https:\/\/eldiariodesanpedro.com.ar\/sitio\/wp-json\/wp\/v2\/categories?post=103733"},{"taxonomy":"post_tag","embeddable":true,"href":"https:\/\/eldiariodesanpedro.com.ar\/sitio\/wp-json\/wp\/v2\/tags?post=103733"}],"curies":[{"name":"wp","href":"https:\/\/api.w.org\/{rel}","templated":true}]}}