{"id":103727,"date":"2022-02-03T10:20:29","date_gmt":"2022-02-03T13:20:29","guid":{"rendered":"https:\/\/eldiariodesanpedro.com.ar\/sitio\/?p=103727"},"modified":"2022-02-03T10:20:31","modified_gmt":"2022-02-03T13:20:31","slug":"dia-de-los-humedales-ambientalistas-protestaron-frente-al-municipio-por-el-ecocidio-en-las-islas","status":"publish","type":"post","link":"https:\/\/eldiariodesanpedro.com.ar\/sitio\/dia-de-los-humedales-ambientalistas-protestaron-frente-al-municipio-por-el-ecocidio-en-las-islas\/","title":{"rendered":"D\u00eda de los Humedales: Ambientalistas protestaron frente al Municipio por el ecocidio en las islas"},"content":{"rendered":"<!-- VideographyWP Plugin Message: Automatic video embedding prevented by plugin options. -->\n\n<p>En la jornada de este mi\u00e9rcoles, con motivo del&nbsp;<strong>D\u00eda Mundial de los Humedales<\/strong>,&nbsp;<strong>vecinos y vecinas junto a ambientalistas pertenecientes a Conciencia Ecol\u00f3gica, se dieron cita frente al palacio municipal de San Pedro<\/strong>. La concentraci\u00f3n se dio como consecuencia del&nbsp;<strong>preocupante aumento de los incendios en el Delta del Paran\u00e1 y la inacci\u00f3n por parte de las instituciones del Estado<\/strong>, desde el Poder Judicial que no investiga ni sanciona, pasando por el Poder Legislativo que \u201ccajone\u00f3\u201d nuevamente una iniciativa de una Ley de Humedales, y el Poder Ejecutivo que no puede dar respuestas eficientes ante una crisis ambiental que se agudiza d\u00eda a d\u00eda.<\/p>\n\n\n\n<p>Como han expuesto en una nota elevada al ejecutivo municipal a finales del 2020, desde Conciencia Ecol\u00f3gica&nbsp;<strong>reclaman \u00abel cumplimiento tanto de las leyes provinciales y nacionales en relaci\u00f3n a Quemas y Da\u00f1os Ambientales\u00bb,<\/strong>&nbsp;por la p\u00e9rdida de biodiversidad y el da\u00f1o que ello causa a la integridad f\u00edsica y emocional de las personas que habitan San Pedro.&nbsp;<\/p>\n\n\n\n<p>La nota, que a\u00fan no ha obtenido una respuesta formal y oficial desde el municipio, contin\u00faa: \u00abA la fecha no tenemos conocimiento que se haya implementado un plan de contingencia en relaci\u00f3n a; determinar el origen de los focos; sofocar, controlar y evitar nuevos focos; salvataje de Fauna y Flora aut\u00f3ctona y salvaguarda de los habitantes afectados; como as\u00ed tampoco se brinda en forma oficial informaci\u00f3n a la comunidad acerca de las novedades y actuaciones que lleva a cabo la Municipalidad de San Pedro en relaci\u00f3n a los temas expuestos.\u201d&nbsp;<\/p>\n\n\n\n<p>La destrucci\u00f3n del medioambiente es una problem\u00e1tica de larga data, pero que en los \u00faltimos a\u00f1os se ha visto profundizada, sobre todo como&nbsp;<strong>herramienta de los sectores agr\u00edcolas e inmobiliarios para minimizar gastos y maximizar tiempos<\/strong>.<\/p>\n\n\n\n<p>Pero cabe preguntarse tambi\u00e9n si<strong>&nbsp;las ganancias de unos pocos realmente valen la destrucci\u00f3n de ecosistemas complejos y necesarios, y si valen el desmejoramiento de la calidad de vida de todxs<\/strong>; porque como siempre sucede en toda crisis, los mayores padecientes son los sectores populares.&nbsp;<\/p>\n\n\n\n<p>Son todas estas cuestiones, y la falta de respuestas a ellas, las que llevan a vecinos y vecinas a tener la necesidad de movilizarse. Porque si\u00a0<strong>algo tambi\u00e9n se ha profundizado es eso: la conciencia ambiental y la lucha.<\/strong><\/p>\n\n\n\n<p>fuente: VR<\/p>\n\n\n\n<figure class=\"wp-block-image size-large\"><img decoding=\"async\" width=\"1024\" height=\"576\" data-attachment-id=\"103730\" data-permalink=\"https:\/\/eldiariodesanpedro.com.ar\/sitio\/dia-de-los-humedales-ambientalistas-protestaron-frente-al-municipio-por-el-ecocidio-en-las-islas\/whatsapp-image-2022-02-03-at-10-12-15\/\" data-orig-file=\"https:\/\/eldiariodesanpedro.com.ar\/sitio\/wp-content\/uploads\/2022\/02\/WhatsApp-Image-2022-02-03-at-10.12.15.jpeg\" data-orig-size=\"1120,630\" data-comments-opened=\"0\" data-image-meta=\"{&quot;aperture&quot;:&quot;0&quot;,&quot;credit&quot;:&quot;&quot;,&quot;camera&quot;:&quot;&quot;,&quot;caption&quot;:&quot;&quot;,&quot;created_timestamp&quot;:&quot;0&quot;,&quot;copyright&quot;:&quot;&quot;,&quot;focal_length&quot;:&quot;0&quot;,&quot;iso&quot;:&quot;0&quot;,&quot;shutter_speed&quot;:&quot;0&quot;,&quot;title&quot;:&quot;&quot;,&quot;orientation&quot;:&quot;0&quot;}\" data-image-title=\"WhatsApp Image 2022-02-03 at 10.12.15\" data-image-description=\"\" data-image-caption=\"\" data-large-file=\"https:\/\/eldiariodesanpedro.com.ar\/sitio\/wp-content\/uploads\/2022\/02\/WhatsApp-Image-2022-02-03-at-10.12.15-1024x576.jpeg\" data-src=\"https:\/\/eldiariodesanpedro.com.ar\/sitio\/wp-content\/uploads\/2022\/02\/WhatsApp-Image-2022-02-03-at-10.12.15-1024x576.jpeg\" alt=\"\" class=\"wp-image-103730 lazyload\" data-srcset=\"https:\/\/eldiariodesanpedro.com.ar\/sitio\/wp-content\/uploads\/2022\/02\/WhatsApp-Image-2022-02-03-at-10.12.15-1024x576.jpeg 1024w, https:\/\/eldiariodesanpedro.com.ar\/sitio\/wp-content\/uploads\/2022\/02\/WhatsApp-Image-2022-02-03-at-10.12.15-300x169.jpeg 300w, https:\/\/eldiariodesanpedro.com.ar\/sitio\/wp-content\/uploads\/2022\/02\/WhatsApp-Image-2022-02-03-at-10.12.15-768x432.jpeg 768w, https:\/\/eldiariodesanpedro.com.ar\/sitio\/wp-content\/uploads\/2022\/02\/WhatsApp-Image-2022-02-03-at-10.12.15-800x450.jpeg 800w, https:\/\/eldiariodesanpedro.com.ar\/sitio\/wp-content\/uploads\/2022\/02\/WhatsApp-Image-2022-02-03-at-10.12.15.jpeg 1120w\" data-sizes=\"(max-width: 1024px) 100vw, 1024px\" src=\"data:image\/svg+xml;base64,PHN2ZyB3aWR0aD0iMSIgaGVpZ2h0PSIxIiB4bWxucz0iaHR0cDovL3d3dy53My5vcmcvMjAwMC9zdmciPjwvc3ZnPg==\" style=\"--smush-placeholder-width: 1024px; --smush-placeholder-aspect-ratio: 1024\/576;\" \/><\/figure>\n\n\n\n<figure class=\"wp-block-image size-large\"><img decoding=\"async\" width=\"1024\" height=\"576\" data-attachment-id=\"103729\" data-permalink=\"https:\/\/eldiariodesanpedro.com.ar\/sitio\/dia-de-los-humedales-ambientalistas-protestaron-frente-al-municipio-por-el-ecocidio-en-las-islas\/whatsapp-image-2022-02-03-at-10-12-15-2\/\" data-orig-file=\"https:\/\/eldiariodesanpedro.com.ar\/sitio\/wp-content\/uploads\/2022\/02\/WhatsApp-Image-2022-02-03-at-10.12.15-2.jpeg\" data-orig-size=\"1120,630\" data-comments-opened=\"0\" data-image-meta=\"{&quot;aperture&quot;:&quot;0&quot;,&quot;credit&quot;:&quot;&quot;,&quot;camera&quot;:&quot;&quot;,&quot;caption&quot;:&quot;&quot;,&quot;created_timestamp&quot;:&quot;0&quot;,&quot;copyright&quot;:&quot;&quot;,&quot;focal_length&quot;:&quot;0&quot;,&quot;iso&quot;:&quot;0&quot;,&quot;shutter_speed&quot;:&quot;0&quot;,&quot;title&quot;:&quot;&quot;,&quot;orientation&quot;:&quot;0&quot;}\" data-image-title=\"WhatsApp Image 2022-02-03 at 10.12.15 (2)\" data-image-description=\"\" data-image-caption=\"\" data-large-file=\"https:\/\/eldiariodesanpedro.com.ar\/sitio\/wp-content\/uploads\/2022\/02\/WhatsApp-Image-2022-02-03-at-10.12.15-2-1024x576.jpeg\" data-src=\"https:\/\/eldiariodesanpedro.com.ar\/sitio\/wp-content\/uploads\/2022\/02\/WhatsApp-Image-2022-02-03-at-10.12.15-2-1024x576.jpeg\" alt=\"\" class=\"wp-image-103729 lazyload\" data-srcset=\"https:\/\/eldiariodesanpedro.com.ar\/sitio\/wp-content\/uploads\/2022\/02\/WhatsApp-Image-2022-02-03-at-10.12.15-2-1024x576.jpeg 1024w, https:\/\/eldiariodesanpedro.com.ar\/sitio\/wp-content\/uploads\/2022\/02\/WhatsApp-Image-2022-02-03-at-10.12.15-2-300x169.jpeg 300w, https:\/\/eldiariodesanpedro.com.ar\/sitio\/wp-content\/uploads\/2022\/02\/WhatsApp-Image-2022-02-03-at-10.12.15-2-768x432.jpeg 768w, https:\/\/eldiariodesanpedro.com.ar\/sitio\/wp-content\/uploads\/2022\/02\/WhatsApp-Image-2022-02-03-at-10.12.15-2-800x450.jpeg 800w, https:\/\/eldiariodesanpedro.com.ar\/sitio\/wp-content\/uploads\/2022\/02\/WhatsApp-Image-2022-02-03-at-10.12.15-2.jpeg 1120w\" data-sizes=\"(max-width: 1024px) 100vw, 1024px\" src=\"data:image\/svg+xml;base64,PHN2ZyB3aWR0aD0iMSIgaGVpZ2h0PSIxIiB4bWxucz0iaHR0cDovL3d3dy53My5vcmcvMjAwMC9zdmciPjwvc3ZnPg==\" style=\"--smush-placeholder-width: 1024px; --smush-placeholder-aspect-ratio: 1024\/576;\" \/><\/figure>\n\n\n\n<figure class=\"wp-block-image size-large\"><img decoding=\"async\" width=\"1024\" height=\"576\" data-attachment-id=\"103728\" data-permalink=\"https:\/\/eldiariodesanpedro.com.ar\/sitio\/dia-de-los-humedales-ambientalistas-protestaron-frente-al-municipio-por-el-ecocidio-en-las-islas\/whatsapp-image-2022-02-03-at-10-12-15-1\/\" data-orig-file=\"https:\/\/eldiariodesanpedro.com.ar\/sitio\/wp-content\/uploads\/2022\/02\/WhatsApp-Image-2022-02-03-at-10.12.15-1.jpeg\" data-orig-size=\"1120,630\" data-comments-opened=\"0\" data-image-meta=\"{&quot;aperture&quot;:&quot;0&quot;,&quot;credit&quot;:&quot;&quot;,&quot;camera&quot;:&quot;&quot;,&quot;caption&quot;:&quot;&quot;,&quot;created_timestamp&quot;:&quot;0&quot;,&quot;copyright&quot;:&quot;&quot;,&quot;focal_length&quot;:&quot;0&quot;,&quot;iso&quot;:&quot;0&quot;,&quot;shutter_speed&quot;:&quot;0&quot;,&quot;title&quot;:&quot;&quot;,&quot;orientation&quot;:&quot;0&quot;}\" data-image-title=\"WhatsApp Image 2022-02-03 at 10.12.15 (1)\" data-image-description=\"\" data-image-caption=\"\" data-large-file=\"https:\/\/eldiariodesanpedro.com.ar\/sitio\/wp-content\/uploads\/2022\/02\/WhatsApp-Image-2022-02-03-at-10.12.15-1-1024x576.jpeg\" data-src=\"https:\/\/eldiariodesanpedro.com.ar\/sitio\/wp-content\/uploads\/2022\/02\/WhatsApp-Image-2022-02-03-at-10.12.15-1-1024x576.jpeg\" alt=\"\" class=\"wp-image-103728 lazyload\" data-srcset=\"https:\/\/eldiariodesanpedro.com.ar\/sitio\/wp-content\/uploads\/2022\/02\/WhatsApp-Image-2022-02-03-at-10.12.15-1-1024x576.jpeg 1024w, https:\/\/eldiariodesanpedro.com.ar\/sitio\/wp-content\/uploads\/2022\/02\/WhatsApp-Image-2022-02-03-at-10.12.15-1-300x169.jpeg 300w, https:\/\/eldiariodesanpedro.com.ar\/sitio\/wp-content\/uploads\/2022\/02\/WhatsApp-Image-2022-02-03-at-10.12.15-1-768x432.jpeg 768w, https:\/\/eldiariodesanpedro.com.ar\/sitio\/wp-content\/uploads\/2022\/02\/WhatsApp-Image-2022-02-03-at-10.12.15-1-800x450.jpeg 800w, https:\/\/eldiariodesanpedro.com.ar\/sitio\/wp-content\/uploads\/2022\/02\/WhatsApp-Image-2022-02-03-at-10.12.15-1.jpeg 1120w\" data-sizes=\"(max-width: 1024px) 100vw, 1024px\" src=\"data:image\/svg+xml;base64,PHN2ZyB3aWR0aD0iMSIgaGVpZ2h0PSIxIiB4bWxucz0iaHR0cDovL3d3dy53My5vcmcvMjAwMC9zdmciPjwvc3ZnPg==\" style=\"--smush-placeholder-width: 1024px; --smush-placeholder-aspect-ratio: 1024\/576;\" \/><\/figure>\n","protected":false},"excerpt":{"rendered":"<p>En la jornada de este mi\u00e9rcoles, con motivo del&nbsp;D\u00eda Mundial de los Humedales,&nbsp;vecinos y vecinas junto a ambientalistas pertenecientes a Conciencia Ecol\u00f3gica, se dieron cita frente al palacio municipal de San Pedro. La concentraci\u00f3n se dio como consecuencia del&nbsp;preocupante aumento de los incendios en el Delta del Paran\u00e1 y la inacci\u00f3n por parte de las [&hellip;]<\/p>\n","protected":false},"author":4,"featured_media":103731,"comment_status":"closed","ping_status":"closed","sticky":false,"template":"","format":"standard","meta":{"om_disable_all_campaigns":false,"_jetpack_memberships_contains_paid_content":false,"footnotes":""},"categories":[50,101,2],"tags":[197,696,33,19],"class_list":["post-103727","post","type-post","status-publish","format-standard","has-post-thumbnail","hentry","category-destacadas","category-interes-general-locales","category-locales","tag-buenos-aires","tag-interes-general","tag-locales","tag-san-pedro"],"aioseo_notices":[],"gutentor_comment":0,"jetpack_featured_media_url":"https:\/\/eldiariodesanpedro.com.ar\/sitio\/wp-content\/uploads\/2022\/02\/WhatsApp-Image-2022-02-03-at-10.12.16.jpeg","jetpack_shortlink":"https:\/\/wp.me\/p6RhLt-qZ1","jetpack_sharing_enabled":true,"_links":{"self":[{"href":"https:\/\/eldiariodesanpedro.com.ar\/sitio\/wp-json\/wp\/v2\/posts\/103727","targetHints":{"allow":["GET"]}}],"collection":[{"href":"https:\/\/eldiariodesanpedro.com.ar\/sitio\/wp-json\/wp\/v2\/posts"}],"about":[{"href":"https:\/\/eldiariodesanpedro.com.ar\/sitio\/wp-json\/wp\/v2\/types\/post"}],"author":[{"embeddable":true,"href":"https:\/\/eldiariodesanpedro.com.ar\/sitio\/wp-json\/wp\/v2\/users\/4"}],"replies":[{"embeddable":true,"href":"https:\/\/eldiariodesanpedro.com.ar\/sitio\/wp-json\/wp\/v2\/comments?post=103727"}],"version-history":[{"count":1,"href":"https:\/\/eldiariodesanpedro.com.ar\/sitio\/wp-json\/wp\/v2\/posts\/103727\/revisions"}],"predecessor-version":[{"id":103732,"href":"https:\/\/eldiariodesanpedro.com.ar\/sitio\/wp-json\/wp\/v2\/posts\/103727\/revisions\/103732"}],"wp:featuredmedia":[{"embeddable":true,"href":"https:\/\/eldiariodesanpedro.com.ar\/sitio\/wp-json\/wp\/v2\/media\/103731"}],"wp:attachment":[{"href":"https:\/\/eldiariodesanpedro.com.ar\/sitio\/wp-json\/wp\/v2\/media?parent=103727"}],"wp:term":[{"taxonomy":"category","embeddable":true,"href":"https:\/\/eldiariodesanpedro.com.ar\/sitio\/wp-json\/wp\/v2\/categories?post=103727"},{"taxonomy":"post_tag","embeddable":true,"href":"https:\/\/eldiariodesanpedro.com.ar\/sitio\/wp-json\/wp\/v2\/tags?post=103727"}],"curies":[{"name":"wp","href":"https:\/\/api.w.org\/{rel}","templated":true}]}}