{"id":103712,"date":"2022-02-02T23:08:11","date_gmt":"2022-02-03T02:08:11","guid":{"rendered":"https:\/\/eldiariodesanpedro.com.ar\/sitio\/?p=103712"},"modified":"2022-02-02T23:08:13","modified_gmt":"2022-02-03T02:08:13","slug":"un-nino-de-4-anos-fallecio-ahogado-en-la-pileta-de-una-casa-vecina","status":"publish","type":"post","link":"https:\/\/eldiariodesanpedro.com.ar\/sitio\/un-nino-de-4-anos-fallecio-ahogado-en-la-pileta-de-una-casa-vecina\/","title":{"rendered":"Un ni\u00f1o de 4 a\u00f1os falleci\u00f3 ahogado en la pileta de una casa vecina"},"content":{"rendered":"<!-- VideographyWP Plugin Message: Automatic video embedding prevented by plugin options. -->\n\n<p>El hecho se registr\u00f3 en la tarde del mi\u00e9rcoles en un domicilio de esa localidad. La v\u00edctima que hab\u00eda sido diagnosticada con autismo se escap\u00f3 de su casa y apareci\u00f3 en la propiedad de al lado.<\/p>\n\n\n\n<p>Un lamentable episodio se dio en la tarde del mi\u00e9rcoles en la localidad de Santa Luc\u00eda.<\/p>\n\n\n\n<p>Fuentes oficiales confirmaron el fallecimiento de un ni\u00f1o de 4 a\u00f1os quien fue hallado en la pileta de una casa vecina.<\/p>\n\n\n\n<p>El ni\u00f1o padec\u00eda autismo y en un determinado momento se fue de su domicilio y segundos despu\u00e9s fue encontrado sumergido en la pileta de una vecina de la familia.<\/p>\n\n\n\n<p>La v\u00edctima fue rescatada y a pesar de que fue trasladado al hospital de la localidad todos los esfuerzos fueron en vano confirm\u00e1ndose su fallecimiento.<\/p>\n\n\n\n<p>Fuente: <a href=\"https:\/\/www.sanpedroinforma.com.ar\/news-124759-Luis-Caram%C3%BAn-y-Domingo-Mayol-renunciaron-a-sus-cargos-de-Director-y-Subdelegado\">San Pedro Informa<\/a><\/p>\n","protected":false},"excerpt":{"rendered":"<p>El hecho se registr\u00f3 en la tarde del mi\u00e9rcoles en un domicilio de esa localidad. La v\u00edctima que hab\u00eda sido diagnosticada con autismo se escap\u00f3 de su casa y apareci\u00f3 en la propiedad de al lado. Un lamentable episodio se dio en la tarde del mi\u00e9rcoles en la localidad de Santa Luc\u00eda. Fuentes oficiales confirmaron [&hellip;]<\/p>\n","protected":false},"author":4,"featured_media":103713,"comment_status":"closed","ping_status":"closed","sticky":false,"template":"","format":"standard","meta":{"om_disable_all_campaigns":false,"_jetpack_memberships_contains_paid_content":false,"footnotes":""},"categories":[50,101,2],"tags":[197,696,33,19],"class_list":["post-103712","post","type-post","status-publish","format-standard","has-post-thumbnail","hentry","category-destacadas","category-interes-general-locales","category-locales","tag-buenos-aires","tag-interes-general","tag-locales","tag-san-pedro"],"aioseo_notices":[],"gutentor_comment":0,"jetpack_featured_media_url":"https:\/\/eldiariodesanpedro.com.ar\/sitio\/wp-content\/uploads\/2022\/02\/0000020668-resized-1920x1080-1.jpg","jetpack_shortlink":"https:\/\/wp.me\/p6RhLt-qYM","jetpack_sharing_enabled":true,"_links":{"self":[{"href":"https:\/\/eldiariodesanpedro.com.ar\/sitio\/wp-json\/wp\/v2\/posts\/103712","targetHints":{"allow":["GET"]}}],"collection":[{"href":"https:\/\/eldiariodesanpedro.com.ar\/sitio\/wp-json\/wp\/v2\/posts"}],"about":[{"href":"https:\/\/eldiariodesanpedro.com.ar\/sitio\/wp-json\/wp\/v2\/types\/post"}],"author":[{"embeddable":true,"href":"https:\/\/eldiariodesanpedro.com.ar\/sitio\/wp-json\/wp\/v2\/users\/4"}],"replies":[{"embeddable":true,"href":"https:\/\/eldiariodesanpedro.com.ar\/sitio\/wp-json\/wp\/v2\/comments?post=103712"}],"version-history":[{"count":1,"href":"https:\/\/eldiariodesanpedro.com.ar\/sitio\/wp-json\/wp\/v2\/posts\/103712\/revisions"}],"predecessor-version":[{"id":103714,"href":"https:\/\/eldiariodesanpedro.com.ar\/sitio\/wp-json\/wp\/v2\/posts\/103712\/revisions\/103714"}],"wp:featuredmedia":[{"embeddable":true,"href":"https:\/\/eldiariodesanpedro.com.ar\/sitio\/wp-json\/wp\/v2\/media\/103713"}],"wp:attachment":[{"href":"https:\/\/eldiariodesanpedro.com.ar\/sitio\/wp-json\/wp\/v2\/media?parent=103712"}],"wp:term":[{"taxonomy":"category","embeddable":true,"href":"https:\/\/eldiariodesanpedro.com.ar\/sitio\/wp-json\/wp\/v2\/categories?post=103712"},{"taxonomy":"post_tag","embeddable":true,"href":"https:\/\/eldiariodesanpedro.com.ar\/sitio\/wp-json\/wp\/v2\/tags?post=103712"}],"curies":[{"name":"wp","href":"https:\/\/api.w.org\/{rel}","templated":true}]}}