{"id":103708,"date":"2022-02-02T18:37:17","date_gmt":"2022-02-02T21:37:17","guid":{"rendered":"https:\/\/eldiariodesanpedro.com.ar\/sitio\/?p=103708"},"modified":"2022-02-02T18:38:25","modified_gmt":"2022-02-02T21:38:25","slug":"rige-alerta-meteorologica-a-corto-plazo-por-lluvias-intensas-rafagas-y-ocacional-caida-de-granizo-2","status":"publish","type":"post","link":"https:\/\/eldiariodesanpedro.com.ar\/sitio\/rige-alerta-meteorologica-a-corto-plazo-por-lluvias-intensas-rafagas-y-ocacional-caida-de-granizo-2\/","title":{"rendered":"Rige alerta meteorol\u00f3gica a corto plazo por lluvias intensas, r\u00e1fagas y ocasional ca\u00edda de granizo"},"content":{"rendered":"<!-- VideographyWP Plugin Message: Automatic video embedding prevented by plugin options. -->\n\n<p>SANTA FE: Constitucion &#8211; Rosario &#8211; San Lorenzo.<br>ENTRE RIOS: Gualeguay &#8211; Victoria.<br>BUENOS AIRES: Arrecifes &#8211; Baradero &#8211; Cap Sarmiento &#8211; Pergamino &#8211; Ramallo &#8211; Salto &#8211; San Nicolas &#8211; San Pedro.<\/p>\n\n\n\n<ul class=\"wp-block-list\"><li><strong>Fecha de emisi\u00f3n:<\/strong>&nbsp;02\/02\/2022 a las 16:50h.<\/li><li><strong>&nbsp;Validez hasta:<\/strong>&nbsp;Dos (2) horas desde la emisi\u00f3n.<\/li><li><strong>&nbsp;Medidas de protecci\u00f3n:<\/strong>&nbsp;1- Permanec\u00e9 en construcciones cerradas como casas, escuelas o edificios p\u00fablicos. 2- Asegur\u00e1 los objetos que puedan ser arrojados por el viento. 3- Mantenete alejado de los \u00e1rboles, ya que la fuerza del viento podrIa quebrar alguna de sus ramas 4- Mantenete alejado de artefactos el\u00e9ctricos y evit\u00e1 el uso de tel\u00e9fonos con cable. 5- Evit\u00e1 circular por calles inundadas o afectadas. 6- Si hay riesgo de que el agua ingrese en tu casa, cort\u00e1 el suministro el\u00e9ctrico. 7- Evit\u00e1 actividades al aire libre. 8- Para minimizar el riesgo de ser alcanzado por un rayo, no permanezcas en playas, r\u00edos, lagunas o piletas.<\/li><\/ul>\n","protected":false},"excerpt":{"rendered":"<p>SANTA FE: Constitucion &#8211; Rosario &#8211; San Lorenzo.ENTRE RIOS: Gualeguay &#8211; Victoria.BUENOS AIRES: Arrecifes &#8211; Baradero &#8211; Cap Sarmiento &#8211; Pergamino &#8211; Ramallo &#8211; Salto &#8211; San Nicolas &#8211; San Pedro. Fecha de emisi\u00f3n:&nbsp;02\/02\/2022 a las 16:50h. &nbsp;Validez hasta:&nbsp;Dos (2) horas desde la emisi\u00f3n. &nbsp;Medidas de protecci\u00f3n:&nbsp;1- Permanec\u00e9 en construcciones cerradas como casas, escuelas o [&hellip;]<\/p>\n","protected":false},"author":4,"featured_media":103709,"comment_status":"closed","ping_status":"closed","sticky":false,"template":"","format":"standard","meta":{"om_disable_all_campaigns":false,"_jetpack_memberships_contains_paid_content":false,"footnotes":""},"categories":[50,101,2],"tags":[197,696,33,19],"class_list":["post-103708","post","type-post","status-publish","format-standard","has-post-thumbnail","hentry","category-destacadas","category-interes-general-locales","category-locales","tag-buenos-aires","tag-interes-general","tag-locales","tag-san-pedro"],"aioseo_notices":[],"gutentor_comment":0,"jetpack_featured_media_url":"https:\/\/eldiariodesanpedro.com.ar\/sitio\/wp-content\/uploads\/2022\/02\/WhatsApp-Image-2022-02-02-at-18.22.11.jpeg","jetpack_shortlink":"https:\/\/wp.me\/p6RhLt-qYI","jetpack_sharing_enabled":true,"_links":{"self":[{"href":"https:\/\/eldiariodesanpedro.com.ar\/sitio\/wp-json\/wp\/v2\/posts\/103708","targetHints":{"allow":["GET"]}}],"collection":[{"href":"https:\/\/eldiariodesanpedro.com.ar\/sitio\/wp-json\/wp\/v2\/posts"}],"about":[{"href":"https:\/\/eldiariodesanpedro.com.ar\/sitio\/wp-json\/wp\/v2\/types\/post"}],"author":[{"embeddable":true,"href":"https:\/\/eldiariodesanpedro.com.ar\/sitio\/wp-json\/wp\/v2\/users\/4"}],"replies":[{"embeddable":true,"href":"https:\/\/eldiariodesanpedro.com.ar\/sitio\/wp-json\/wp\/v2\/comments?post=103708"}],"version-history":[{"count":2,"href":"https:\/\/eldiariodesanpedro.com.ar\/sitio\/wp-json\/wp\/v2\/posts\/103708\/revisions"}],"predecessor-version":[{"id":103711,"href":"https:\/\/eldiariodesanpedro.com.ar\/sitio\/wp-json\/wp\/v2\/posts\/103708\/revisions\/103711"}],"wp:featuredmedia":[{"embeddable":true,"href":"https:\/\/eldiariodesanpedro.com.ar\/sitio\/wp-json\/wp\/v2\/media\/103709"}],"wp:attachment":[{"href":"https:\/\/eldiariodesanpedro.com.ar\/sitio\/wp-json\/wp\/v2\/media?parent=103708"}],"wp:term":[{"taxonomy":"category","embeddable":true,"href":"https:\/\/eldiariodesanpedro.com.ar\/sitio\/wp-json\/wp\/v2\/categories?post=103708"},{"taxonomy":"post_tag","embeddable":true,"href":"https:\/\/eldiariodesanpedro.com.ar\/sitio\/wp-json\/wp\/v2\/tags?post=103708"}],"curies":[{"name":"wp","href":"https:\/\/api.w.org\/{rel}","templated":true}]}}