{"id":103693,"date":"2022-02-02T17:20:10","date_gmt":"2022-02-02T20:20:10","guid":{"rendered":"https:\/\/eldiariodesanpedro.com.ar\/sitio\/?p=103693"},"modified":"2022-02-02T17:20:11","modified_gmt":"2022-02-02T20:20:11","slug":"talleres-de-formacion-sobre-dinamicas-ludicas-con-perspectiva-de-genero","status":"publish","type":"post","link":"https:\/\/eldiariodesanpedro.com.ar\/sitio\/talleres-de-formacion-sobre-dinamicas-ludicas-con-perspectiva-de-genero\/","title":{"rendered":"Talleres de formaci\u00f3n sobre din\u00e1micas l\u00fadicas con perspectiva de g\u00e9nero"},"content":{"rendered":"<!-- VideographyWP Plugin Message: Automatic video embedding prevented by plugin options. -->\n\n<p>Integrantes de la subsecretar\u00eda de Pol\u00edticas contra las Violencias por razones de g\u00e9nero del ministerio de las Mujeres, Pol\u00edticas de G\u00e9nero y Diversidad Sexual de la provincia de Buenos Aires brindaron el taller \u00abJugar es cosa seria\u00bb, una propuesta de formaci\u00f3n sobre din\u00e1micas l\u00fadicas con perspectiva de g\u00e9nero.<\/p>\n\n\n\n<p>Del taller participaron la secretaria de Pol\u00edticas de G\u00e9nero, Mujeres y Diversidad, Laura Monfasani; el secretario de Desarrollo Humano, Walter S\u00e1nchez; y el secretario de Salud, Pablo Pichioni, adem\u00e1s de integrantes de los equipos de trabajo de las tres \u00e1reas.<\/p>\n\n\n\n<p>Durante la jornada, que se desarroll\u00f3 en el Parador Recreo, se trataron, a trav\u00e9s de la actividad l\u00fadica, distintas tem\u00e1ticas vinculadas al abordaje de las violencias en el caso de mujeres y diversidades que atraviesan esa situaci\u00f3n, e identificaci\u00f3n de las mismas; roles y estereotipos de g\u00e9nero; contenidos de la ESI (Educaci\u00f3n Sexual Integral); entre otros aspectos.<\/p>\n\n\n\n<p>Este jueves 3, en tanto, el mismo taller formativo ser\u00e1 dictado a integrantes de las organizaciones que componen la Mesa Local de Atenci\u00f3n y Prevenci\u00f3n de Violencia de G\u00e9nero y Familiar, con la intenci\u00f3n de dotar a todos los actores del Estado as\u00ed como de la sociedad civil, de herramientas para la prevenci\u00f3n y sensibilizaci\u00f3n que puedan aplicarse en diversos \u00e1mbitos.<\/p>\n\n\n\n<p>Las herramientas que integran la juegoteca del ministerio bonaerense quedar\u00e1n a disposici\u00f3n de la secretar\u00eda de Pol\u00edticas de G\u00e9nero, Mujeres y Diversidad para su uso en el territorio.<\/p>\n\n\n\n<figure class=\"wp-block-image size-full\"><img decoding=\"async\" width=\"952\" height=\"630\" data-attachment-id=\"103694\" data-permalink=\"https:\/\/eldiariodesanpedro.com.ar\/sitio\/talleres-de-formacion-sobre-dinamicas-ludicas-con-perspectiva-de-genero\/whatsapp-image-2022-02-02-at-17-08-08\/\" data-orig-file=\"https:\/\/eldiariodesanpedro.com.ar\/sitio\/wp-content\/uploads\/2022\/02\/WhatsApp-Image-2022-02-02-at-17.08.08.jpeg\" data-orig-size=\"952,630\" data-comments-opened=\"0\" data-image-meta=\"{&quot;aperture&quot;:&quot;0&quot;,&quot;credit&quot;:&quot;&quot;,&quot;camera&quot;:&quot;&quot;,&quot;caption&quot;:&quot;&quot;,&quot;created_timestamp&quot;:&quot;0&quot;,&quot;copyright&quot;:&quot;&quot;,&quot;focal_length&quot;:&quot;0&quot;,&quot;iso&quot;:&quot;0&quot;,&quot;shutter_speed&quot;:&quot;0&quot;,&quot;title&quot;:&quot;&quot;,&quot;orientation&quot;:&quot;0&quot;}\" data-image-title=\"WhatsApp Image 2022-02-02 at 17.08.08\" data-image-description=\"\" data-image-caption=\"\" data-large-file=\"https:\/\/eldiariodesanpedro.com.ar\/sitio\/wp-content\/uploads\/2022\/02\/WhatsApp-Image-2022-02-02-at-17.08.08.jpeg\" data-src=\"https:\/\/eldiariodesanpedro.com.ar\/sitio\/wp-content\/uploads\/2022\/02\/WhatsApp-Image-2022-02-02-at-17.08.08.jpeg\" alt=\"\" class=\"wp-image-103694 lazyload\" data-srcset=\"https:\/\/eldiariodesanpedro.com.ar\/sitio\/wp-content\/uploads\/2022\/02\/WhatsApp-Image-2022-02-02-at-17.08.08.jpeg 952w, https:\/\/eldiariodesanpedro.com.ar\/sitio\/wp-content\/uploads\/2022\/02\/WhatsApp-Image-2022-02-02-at-17.08.08-300x199.jpeg 300w, https:\/\/eldiariodesanpedro.com.ar\/sitio\/wp-content\/uploads\/2022\/02\/WhatsApp-Image-2022-02-02-at-17.08.08-768x508.jpeg 768w\" data-sizes=\"(max-width: 952px) 100vw, 952px\" src=\"data:image\/svg+xml;base64,PHN2ZyB3aWR0aD0iMSIgaGVpZ2h0PSIxIiB4bWxucz0iaHR0cDovL3d3dy53My5vcmcvMjAwMC9zdmciPjwvc3ZnPg==\" style=\"--smush-placeholder-width: 952px; --smush-placeholder-aspect-ratio: 952\/630;\" \/><\/figure>\n\n\n\n<figure class=\"wp-block-image size-full\"><img decoding=\"async\" width=\"959\" height=\"630\" data-attachment-id=\"103697\" data-permalink=\"https:\/\/eldiariodesanpedro.com.ar\/sitio\/talleres-de-formacion-sobre-dinamicas-ludicas-con-perspectiva-de-genero\/whatsapp-image-2022-02-02-at-17-08-11\/\" data-orig-file=\"https:\/\/eldiariodesanpedro.com.ar\/sitio\/wp-content\/uploads\/2022\/02\/WhatsApp-Image-2022-02-02-at-17.08.11.jpeg\" data-orig-size=\"959,630\" data-comments-opened=\"0\" data-image-meta=\"{&quot;aperture&quot;:&quot;0&quot;,&quot;credit&quot;:&quot;&quot;,&quot;camera&quot;:&quot;&quot;,&quot;caption&quot;:&quot;&quot;,&quot;created_timestamp&quot;:&quot;0&quot;,&quot;copyright&quot;:&quot;&quot;,&quot;focal_length&quot;:&quot;0&quot;,&quot;iso&quot;:&quot;0&quot;,&quot;shutter_speed&quot;:&quot;0&quot;,&quot;title&quot;:&quot;&quot;,&quot;orientation&quot;:&quot;0&quot;}\" data-image-title=\"WhatsApp Image 2022-02-02 at 17.08.11\" data-image-description=\"\" data-image-caption=\"\" data-large-file=\"https:\/\/eldiariodesanpedro.com.ar\/sitio\/wp-content\/uploads\/2022\/02\/WhatsApp-Image-2022-02-02-at-17.08.11.jpeg\" data-src=\"https:\/\/eldiariodesanpedro.com.ar\/sitio\/wp-content\/uploads\/2022\/02\/WhatsApp-Image-2022-02-02-at-17.08.11.jpeg\" alt=\"\" class=\"wp-image-103697 lazyload\" data-srcset=\"https:\/\/eldiariodesanpedro.com.ar\/sitio\/wp-content\/uploads\/2022\/02\/WhatsApp-Image-2022-02-02-at-17.08.11.jpeg 959w, https:\/\/eldiariodesanpedro.com.ar\/sitio\/wp-content\/uploads\/2022\/02\/WhatsApp-Image-2022-02-02-at-17.08.11-300x197.jpeg 300w, https:\/\/eldiariodesanpedro.com.ar\/sitio\/wp-content\/uploads\/2022\/02\/WhatsApp-Image-2022-02-02-at-17.08.11-768x505.jpeg 768w\" data-sizes=\"(max-width: 959px) 100vw, 959px\" src=\"data:image\/svg+xml;base64,PHN2ZyB3aWR0aD0iMSIgaGVpZ2h0PSIxIiB4bWxucz0iaHR0cDovL3d3dy53My5vcmcvMjAwMC9zdmciPjwvc3ZnPg==\" style=\"--smush-placeholder-width: 959px; --smush-placeholder-aspect-ratio: 959\/630;\" \/><\/figure>\n\n\n\n<figure class=\"wp-block-image size-full\"><img decoding=\"async\" width=\"916\" height=\"630\" data-attachment-id=\"103696\" data-permalink=\"https:\/\/eldiariodesanpedro.com.ar\/sitio\/talleres-de-formacion-sobre-dinamicas-ludicas-con-perspectiva-de-genero\/whatsapp-image-2022-02-02-at-17-08-10\/\" data-orig-file=\"https:\/\/eldiariodesanpedro.com.ar\/sitio\/wp-content\/uploads\/2022\/02\/WhatsApp-Image-2022-02-02-at-17.08.10.jpeg\" data-orig-size=\"916,630\" data-comments-opened=\"0\" data-image-meta=\"{&quot;aperture&quot;:&quot;0&quot;,&quot;credit&quot;:&quot;&quot;,&quot;camera&quot;:&quot;&quot;,&quot;caption&quot;:&quot;&quot;,&quot;created_timestamp&quot;:&quot;0&quot;,&quot;copyright&quot;:&quot;&quot;,&quot;focal_length&quot;:&quot;0&quot;,&quot;iso&quot;:&quot;0&quot;,&quot;shutter_speed&quot;:&quot;0&quot;,&quot;title&quot;:&quot;&quot;,&quot;orientation&quot;:&quot;0&quot;}\" data-image-title=\"WhatsApp Image 2022-02-02 at 17.08.10\" data-image-description=\"\" data-image-caption=\"\" data-large-file=\"https:\/\/eldiariodesanpedro.com.ar\/sitio\/wp-content\/uploads\/2022\/02\/WhatsApp-Image-2022-02-02-at-17.08.10.jpeg\" data-src=\"https:\/\/eldiariodesanpedro.com.ar\/sitio\/wp-content\/uploads\/2022\/02\/WhatsApp-Image-2022-02-02-at-17.08.10.jpeg\" alt=\"\" class=\"wp-image-103696 lazyload\" data-srcset=\"https:\/\/eldiariodesanpedro.com.ar\/sitio\/wp-content\/uploads\/2022\/02\/WhatsApp-Image-2022-02-02-at-17.08.10.jpeg 916w, https:\/\/eldiariodesanpedro.com.ar\/sitio\/wp-content\/uploads\/2022\/02\/WhatsApp-Image-2022-02-02-at-17.08.10-300x206.jpeg 300w, https:\/\/eldiariodesanpedro.com.ar\/sitio\/wp-content\/uploads\/2022\/02\/WhatsApp-Image-2022-02-02-at-17.08.10-768x528.jpeg 768w\" data-sizes=\"(max-width: 916px) 100vw, 916px\" src=\"data:image\/svg+xml;base64,PHN2ZyB3aWR0aD0iMSIgaGVpZ2h0PSIxIiB4bWxucz0iaHR0cDovL3d3dy53My5vcmcvMjAwMC9zdmciPjwvc3ZnPg==\" style=\"--smush-placeholder-width: 916px; --smush-placeholder-aspect-ratio: 916\/630;\" \/><\/figure>\n","protected":false},"excerpt":{"rendered":"<p>Integrantes de la subsecretar\u00eda de Pol\u00edticas contra las Violencias por razones de g\u00e9nero del ministerio de las Mujeres, Pol\u00edticas de G\u00e9nero y Diversidad Sexual de la provincia de Buenos Aires brindaron el taller \u00abJugar es cosa seria\u00bb, una propuesta de formaci\u00f3n sobre din\u00e1micas l\u00fadicas con perspectiva de g\u00e9nero. Del taller participaron la secretaria de Pol\u00edticas [&hellip;]<\/p>\n","protected":false},"author":4,"featured_media":103695,"comment_status":"closed","ping_status":"closed","sticky":false,"template":"","format":"standard","meta":{"om_disable_all_campaigns":false,"_jetpack_memberships_contains_paid_content":false,"footnotes":""},"categories":[101,2],"tags":[197,696,33,19,2654],"class_list":["post-103693","post","type-post","status-publish","format-standard","has-post-thumbnail","hentry","category-interes-general-locales","category-locales","tag-buenos-aires","tag-interes-general","tag-locales","tag-san-pedro","tag-talleres-de-formacion-sobre-dinamicas-ludicas-con-perspectiva-de-genero"],"aioseo_notices":[],"gutentor_comment":0,"jetpack_featured_media_url":"https:\/\/eldiariodesanpedro.com.ar\/sitio\/wp-content\/uploads\/2022\/02\/WhatsApp-Image-2022-02-02-at-17.08.09.jpeg","jetpack_shortlink":"https:\/\/wp.me\/p6RhLt-qYt","jetpack_sharing_enabled":true,"_links":{"self":[{"href":"https:\/\/eldiariodesanpedro.com.ar\/sitio\/wp-json\/wp\/v2\/posts\/103693","targetHints":{"allow":["GET"]}}],"collection":[{"href":"https:\/\/eldiariodesanpedro.com.ar\/sitio\/wp-json\/wp\/v2\/posts"}],"about":[{"href":"https:\/\/eldiariodesanpedro.com.ar\/sitio\/wp-json\/wp\/v2\/types\/post"}],"author":[{"embeddable":true,"href":"https:\/\/eldiariodesanpedro.com.ar\/sitio\/wp-json\/wp\/v2\/users\/4"}],"replies":[{"embeddable":true,"href":"https:\/\/eldiariodesanpedro.com.ar\/sitio\/wp-json\/wp\/v2\/comments?post=103693"}],"version-history":[{"count":1,"href":"https:\/\/eldiariodesanpedro.com.ar\/sitio\/wp-json\/wp\/v2\/posts\/103693\/revisions"}],"predecessor-version":[{"id":103698,"href":"https:\/\/eldiariodesanpedro.com.ar\/sitio\/wp-json\/wp\/v2\/posts\/103693\/revisions\/103698"}],"wp:featuredmedia":[{"embeddable":true,"href":"https:\/\/eldiariodesanpedro.com.ar\/sitio\/wp-json\/wp\/v2\/media\/103695"}],"wp:attachment":[{"href":"https:\/\/eldiariodesanpedro.com.ar\/sitio\/wp-json\/wp\/v2\/media?parent=103693"}],"wp:term":[{"taxonomy":"category","embeddable":true,"href":"https:\/\/eldiariodesanpedro.com.ar\/sitio\/wp-json\/wp\/v2\/categories?post=103693"},{"taxonomy":"post_tag","embeddable":true,"href":"https:\/\/eldiariodesanpedro.com.ar\/sitio\/wp-json\/wp\/v2\/tags?post=103693"}],"curies":[{"name":"wp","href":"https:\/\/api.w.org\/{rel}","templated":true}]}}