{"id":103689,"date":"2022-02-02T16:57:37","date_gmt":"2022-02-02T19:57:37","guid":{"rendered":"https:\/\/eldiariodesanpedro.com.ar\/sitio\/?p=103689"},"modified":"2022-02-02T16:58:07","modified_gmt":"2022-02-02T19:58:07","slug":"sergio-berni-quienes-compraron-cocaina-en-las-ultimas-24-horas-tienen-que-tirarla","status":"publish","type":"post","link":"https:\/\/eldiariodesanpedro.com.ar\/sitio\/sergio-berni-quienes-compraron-cocaina-en-las-ultimas-24-horas-tienen-que-tirarla\/","title":{"rendered":"Sergio Berni: \u00abQuienes compraron cocaina en las \u00faltimas 24 horas tienen que tirarla\u00bb"},"content":{"rendered":"<!-- VideographyWP Plugin Message: Automatic video embedding prevented by plugin options. -->\n\n<p>La Justicia investiga la muerte de al menos once personas por el consumo de coca\u00edna adulterada. Sergio Berni pidi\u00f3 a quienes hayan comprado droga que la tiren.<a href=\"https:\/\/media.infocielo.com\/p\/ca300e215c1f4856f8f9c981fcc73942\/adjuntos\/299\/imagenes\/001\/359\/0001359168\/sergio-bernijpg.jpg\"><\/a><\/p>\n\n\n\n<p>Ya son al menos\u00a0<strong>once los fallecidos por consumir coca\u00edna adulterada\u00a0en el conurbano bonaerense<\/strong>, y al menos otras 16 permanecen internadas en grave estado por la intoxicaci\u00f3n que les produjo el consumo de la\u00a0<strong>droga<\/strong>.<\/p>\n\n\n\n<p>A ra\u00edz de ello, y del alerta que emiti\u00f3 la fiscal\u00eda que investiga el caso, el ministro de Seguridad de la provincia de Buenos Aires,\u00a0<strong>Sergio Berni<\/strong>,\u00a0<strong>pidi\u00f3 que quienes hayan comprado droga en las \u00faltimas 24 horas \u201ctienen que descartarla\u201d como precauci\u00f3n para evitar ser v\u00edctimas fatales\u00a0<\/strong>.<\/p>\n\n\n\n<p>\u201c<strong>La informaci\u00f3n que tenemos es que son vendedores que est\u00e1n en pasillos y no es la mejor hora. Estamos trabajando para sacarla de circulaci\u00f3n<\/strong>\u201d, dijo el Ministro seg\u00fan consign\u00f3 la agencia estatal de noticias T\u00e9lam.<\/p>\n\n\n\n<p>Las investigaciones recayeron en la fiscal\u00eda del departamento Judicial de San Mart\u00edn que se especializa en Drogas Il\u00edcitas. Seg\u00fan los fiscales, la droga proviene del asentamiento\u00a0<strong>\u201cPuerta 8\u201d<\/strong>\u00a0en el municipio de<strong>\u00a0Tres de Febrero<\/strong>.<\/p>\n\n\n\n<h2 class=\"wp-block-heading\">\u00bfQu\u00e9 tiene la coca\u00edna en Tres de Febrero?<\/h2>\n\n\n\n<p>La UFI 16 de San Mart\u00edn lleva adelante la investigaci\u00f3n respecto al fallecimiento de las once personas.&nbsp;<strong>En total, m\u00e1s de 30 pacientes ingresaron a las guardias de los hospitales San Bernardino, en Hurlingham, y Bocalandro en Tres de Febrero<\/strong>. Todos presentaban s\u00edntomas similares. \u00abAparecen como inconscientes\u00bb, explic\u00f3 uno de los agentes que realizaba los allanamientos.<\/p>\n\n\n\n<p><strong>La Justicia orden\u00f3 realizar la autopsia a las v\u00edctimas para conocer cu\u00e1l fue el ingrediente que caus\u00f3 la intoxicaci\u00f3n, bajo la sospecha de que la droga ten\u00eda un veneno. Tampoco descartan que se trate de las consecuencias de un conflicto entre bandas de narcotraficantes<\/strong>.|<\/p>\n\n\n\n<p>A ra\u00edz de las investigaciones se realizaron allanamientos en el asentamiento Puerta 8, en Tres de Febrero. All\u00ed, agentes de la Polic\u00eda Bonaerense secuestraron c\u00e1psulas de droga y, seg\u00fan informaron, un billete de 20 pesos con restos de la coca\u00edna envenenada.<\/p>\n\n\n\n<p>Fuente: <a href=\"https:\/\/infocielo.com\/sergio-berni\/sergio-berni-pidio-tirar-cocaina-quienes-hayan-comprado-droga-mal-estado-tres-de-febrero\">Infocielo<\/a><\/p>\n","protected":false},"excerpt":{"rendered":"<p>La Justicia investiga la muerte de al menos once personas por el consumo de coca\u00edna adulterada. Sergio Berni pidi\u00f3 a quienes hayan comprado droga que la tiren. Ya son al menos\u00a0once los fallecidos por consumir coca\u00edna adulterada\u00a0en el conurbano bonaerense, y al menos otras 16 permanecen internadas en grave estado por la intoxicaci\u00f3n que les [&hellip;]<\/p>\n","protected":false},"author":4,"featured_media":103690,"comment_status":"closed","ping_status":"closed","sticky":false,"template":"","format":"standard","meta":{"om_disable_all_campaigns":false,"_jetpack_memberships_contains_paid_content":false,"footnotes":""},"categories":[621],"tags":[197,681,2653],"class_list":["post-103689","post","type-post","status-publish","format-standard","has-post-thumbnail","hentry","category-regionales","tag-buenos-aires","tag-regionales","tag-sergio-berni-quienes-compraron-cocaina-en-las-ultimas-24-horas-tienen-que-tirarla"],"aioseo_notices":[],"gutentor_comment":0,"jetpack_featured_media_url":"https:\/\/eldiariodesanpedro.com.ar\/sitio\/wp-content\/uploads\/2022\/02\/sergio-bernijpg.jpg","jetpack_shortlink":"https:\/\/wp.me\/p6RhLt-qYp","jetpack_sharing_enabled":true,"_links":{"self":[{"href":"https:\/\/eldiariodesanpedro.com.ar\/sitio\/wp-json\/wp\/v2\/posts\/103689","targetHints":{"allow":["GET"]}}],"collection":[{"href":"https:\/\/eldiariodesanpedro.com.ar\/sitio\/wp-json\/wp\/v2\/posts"}],"about":[{"href":"https:\/\/eldiariodesanpedro.com.ar\/sitio\/wp-json\/wp\/v2\/types\/post"}],"author":[{"embeddable":true,"href":"https:\/\/eldiariodesanpedro.com.ar\/sitio\/wp-json\/wp\/v2\/users\/4"}],"replies":[{"embeddable":true,"href":"https:\/\/eldiariodesanpedro.com.ar\/sitio\/wp-json\/wp\/v2\/comments?post=103689"}],"version-history":[{"count":2,"href":"https:\/\/eldiariodesanpedro.com.ar\/sitio\/wp-json\/wp\/v2\/posts\/103689\/revisions"}],"predecessor-version":[{"id":103692,"href":"https:\/\/eldiariodesanpedro.com.ar\/sitio\/wp-json\/wp\/v2\/posts\/103689\/revisions\/103692"}],"wp:featuredmedia":[{"embeddable":true,"href":"https:\/\/eldiariodesanpedro.com.ar\/sitio\/wp-json\/wp\/v2\/media\/103690"}],"wp:attachment":[{"href":"https:\/\/eldiariodesanpedro.com.ar\/sitio\/wp-json\/wp\/v2\/media?parent=103689"}],"wp:term":[{"taxonomy":"category","embeddable":true,"href":"https:\/\/eldiariodesanpedro.com.ar\/sitio\/wp-json\/wp\/v2\/categories?post=103689"},{"taxonomy":"post_tag","embeddable":true,"href":"https:\/\/eldiariodesanpedro.com.ar\/sitio\/wp-json\/wp\/v2\/tags?post=103689"}],"curies":[{"name":"wp","href":"https:\/\/api.w.org\/{rel}","templated":true}]}}