{"id":103684,"date":"2022-02-02T16:48:25","date_gmt":"2022-02-02T19:48:25","guid":{"rendered":"https:\/\/eldiariodesanpedro.com.ar\/sitio\/?p=103684"},"modified":"2022-02-02T16:48:26","modified_gmt":"2022-02-02T19:48:26","slug":"ya-estan-a-la-venta-los-pasajes-para-marzo-del-tren-rosarino","status":"publish","type":"post","link":"https:\/\/eldiariodesanpedro.com.ar\/sitio\/ya-estan-a-la-venta-los-pasajes-para-marzo-del-tren-rosarino\/","title":{"rendered":"Ya est\u00e1n a la venta los pasajes para marzo del tren rosarino"},"content":{"rendered":"<!-- VideographyWP Plugin Message: Automatic video embedding prevented by plugin options. -->\n\n<p>Trenes Argentinos informa que se encuentra habilitada la venta de pasajes del tren de larga distancia que une la terminal porte\u00f1a de Retiro con la localidad de Rosario en la provincia de Santa Fe desde el 1\u00b0 y hasta el 31 de marzo de 2022.<\/p>\n\n\n\n<p>Los usuarios y usuarias podr\u00e1n adquirir sus boletos v\u00eda web con un 10 % de descuento, los jubilados con un 40% y las personas con discapacidad que posean CUD en forma gratuita, a trav\u00e9s de la p\u00e1gina oficial de la empresa.<\/p>\n\n\n\n<p>El servicio circula con una frecuencia diaria que parte desde Retiro a las 15.15 y el retorno de Rosario es a las 0.30. El costo del pasaje entre cabeceras es de 300 pesos en primera y 360 en pullman.<\/p>\n\n\n\n<p>Mart\u00edn Marinucci, presidente de Trenes Argentinos, destac\u00f3 que \u201cdurante la temporada m\u00e1s de 730 mil argentinos y argentinas eligieron el tren como medio de transporte para vacacionar\u201d. Adem\u00e1s, resalt\u00f3 que \u201cestamos acercando un servicio de primera calidad y con una tarifa muy accesible a cada uno de nuestros pasajeros y pasajeras\u201d.<\/p>\n\n\n\n<p>Adem\u00e1s, indic\u00f3 que \u201cestamos haciendo lo que nos pidi\u00f3 el Presidente de la Naci\u00f3n, Alberto Fern\u00e1ndez, y el Ministro de Transporte, Alexis Guerrera, que es continuar uniendo pueblos y a cada uno de sus ciudadanos y ciudadanas\u201d.<\/p>\n\n\n\n<p><strong>SERVICIOS<\/strong><\/p>\n\n\n\n<p>El tren a Rosario sale de Retiro (l\u00ednea San Mart\u00edn) todos los d\u00edas a las 15.15 y de Rosario 0.30.<\/p>\n\n\n\n<p>10 estaciones intermedias: Campana, Z\u00e1rate, Lima, Baradero, San Pedro, Ramallo, San Nicol\u00e1s, Emp. Villa Constituci\u00f3n, Arroyo Seco y Rosario Sur<\/p>\n\n\n\n<p>Costo del pasaje\u00a0 <br>300 pesos en primera  <br>360 pesos en pullman<\/p>\n\n\n\n<p>Tiempo de viaje: <br>8.00\u00a0 horas<\/p>\n\n\n\n<p><strong>Descuentos en los servicios de larga distancia<\/strong> <br>\u2713\u00a0 10% comprando a trav\u00e9s de la p\u00e1gina web <a rel=\"noreferrer noopener\" href=\"http:\/\/www.webventas.sofse.gob.ar\/\" target=\"_blank\">www.webventas.sofse.gob.ar<\/a>\u00a0 <br>\u2713\u00a0 40% para jubilados <br>\u2713\u00a0 50% para menores de 12 a\u00f1os <br>\u2713\u00a0 Menores de 3 a\u00f1os que no ocupen asiento viajan gratis<\/p>\n\n\n\n<p>Ante cualquier duda o consulta el pasajero puede ingresar en <a rel=\"noreferrer noopener\" href=\"https:\/\/www.argentina.gob.ar\/transporte\/trenes-argentinos\" target=\"_blank\">https:\/\/www.argentina.gob.ar\/transporte\/trenes-argentinos<\/a><\/p>\n\n\n\n<figure class=\"wp-block-image size-full\"><img decoding=\"async\" width=\"945\" height=\"630\" data-attachment-id=\"103687\" data-permalink=\"https:\/\/eldiariodesanpedro.com.ar\/sitio\/ya-estan-a-la-venta-los-pasajes-para-marzo-del-tren-rosarino\/mjl_6985\/\" data-orig-file=\"https:\/\/eldiariodesanpedro.com.ar\/sitio\/wp-content\/uploads\/2022\/02\/MJL_6985.jpg\" data-orig-size=\"945,630\" data-comments-opened=\"0\" data-image-meta=\"{&quot;aperture&quot;:&quot;3.5&quot;,&quot;credit&quot;:&quot;&quot;,&quot;camera&quot;:&quot;NIKON D750&quot;,&quot;caption&quot;:&quot;&quot;,&quot;created_timestamp&quot;:&quot;0&quot;,&quot;copyright&quot;:&quot;&quot;,&quot;focal_length&quot;:&quot;70&quot;,&quot;iso&quot;:&quot;250&quot;,&quot;shutter_speed&quot;:&quot;0.004&quot;,&quot;title&quot;:&quot;&quot;,&quot;orientation&quot;:&quot;0&quot;}\" data-image-title=\"MJL_6985\" data-image-description=\"\" data-image-caption=\"\" data-large-file=\"https:\/\/eldiariodesanpedro.com.ar\/sitio\/wp-content\/uploads\/2022\/02\/MJL_6985.jpg\" data-src=\"https:\/\/eldiariodesanpedro.com.ar\/sitio\/wp-content\/uploads\/2022\/02\/MJL_6985.jpg\" alt=\"\" class=\"wp-image-103687 lazyload\" data-srcset=\"https:\/\/eldiariodesanpedro.com.ar\/sitio\/wp-content\/uploads\/2022\/02\/MJL_6985.jpg 945w, https:\/\/eldiariodesanpedro.com.ar\/sitio\/wp-content\/uploads\/2022\/02\/MJL_6985-300x200.jpg 300w, https:\/\/eldiariodesanpedro.com.ar\/sitio\/wp-content\/uploads\/2022\/02\/MJL_6985-768x512.jpg 768w\" data-sizes=\"(max-width: 945px) 100vw, 945px\" src=\"data:image\/svg+xml;base64,PHN2ZyB3aWR0aD0iMSIgaGVpZ2h0PSIxIiB4bWxucz0iaHR0cDovL3d3dy53My5vcmcvMjAwMC9zdmciPjwvc3ZnPg==\" style=\"--smush-placeholder-width: 945px; --smush-placeholder-aspect-ratio: 945\/630;\" \/><\/figure>\n","protected":false},"excerpt":{"rendered":"<p>Trenes Argentinos informa que se encuentra habilitada la venta de pasajes del tren de larga distancia que une la terminal porte\u00f1a de Retiro con la localidad de Rosario en la provincia de Santa Fe desde el 1\u00b0 y hasta el 31 de marzo de 2022. Los usuarios y usuarias podr\u00e1n adquirir sus boletos v\u00eda web [&hellip;]<\/p>\n","protected":false},"author":4,"featured_media":103686,"comment_status":"closed","ping_status":"closed","sticky":false,"template":"","format":"standard","meta":{"om_disable_all_campaigns":false,"_jetpack_memberships_contains_paid_content":false,"footnotes":""},"categories":[101,2],"tags":[197,696,33,19],"class_list":["post-103684","post","type-post","status-publish","format-standard","has-post-thumbnail","hentry","category-interes-general-locales","category-locales","tag-buenos-aires","tag-interes-general","tag-locales","tag-san-pedro"],"aioseo_notices":[],"gutentor_comment":0,"jetpack_featured_media_url":"https:\/\/eldiariodesanpedro.com.ar\/sitio\/wp-content\/uploads\/2022\/02\/WhatsApp-Image-2022-02-02-at-1.38.11-PM.jpeg","jetpack_shortlink":"https:\/\/wp.me\/p6RhLt-qYk","jetpack_sharing_enabled":true,"_links":{"self":[{"href":"https:\/\/eldiariodesanpedro.com.ar\/sitio\/wp-json\/wp\/v2\/posts\/103684","targetHints":{"allow":["GET"]}}],"collection":[{"href":"https:\/\/eldiariodesanpedro.com.ar\/sitio\/wp-json\/wp\/v2\/posts"}],"about":[{"href":"https:\/\/eldiariodesanpedro.com.ar\/sitio\/wp-json\/wp\/v2\/types\/post"}],"author":[{"embeddable":true,"href":"https:\/\/eldiariodesanpedro.com.ar\/sitio\/wp-json\/wp\/v2\/users\/4"}],"replies":[{"embeddable":true,"href":"https:\/\/eldiariodesanpedro.com.ar\/sitio\/wp-json\/wp\/v2\/comments?post=103684"}],"version-history":[{"count":1,"href":"https:\/\/eldiariodesanpedro.com.ar\/sitio\/wp-json\/wp\/v2\/posts\/103684\/revisions"}],"predecessor-version":[{"id":103688,"href":"https:\/\/eldiariodesanpedro.com.ar\/sitio\/wp-json\/wp\/v2\/posts\/103684\/revisions\/103688"}],"wp:featuredmedia":[{"embeddable":true,"href":"https:\/\/eldiariodesanpedro.com.ar\/sitio\/wp-json\/wp\/v2\/media\/103686"}],"wp:attachment":[{"href":"https:\/\/eldiariodesanpedro.com.ar\/sitio\/wp-json\/wp\/v2\/media?parent=103684"}],"wp:term":[{"taxonomy":"category","embeddable":true,"href":"https:\/\/eldiariodesanpedro.com.ar\/sitio\/wp-json\/wp\/v2\/categories?post=103684"},{"taxonomy":"post_tag","embeddable":true,"href":"https:\/\/eldiariodesanpedro.com.ar\/sitio\/wp-json\/wp\/v2\/tags?post=103684"}],"curies":[{"name":"wp","href":"https:\/\/api.w.org\/{rel}","templated":true}]}}