{"id":103681,"date":"2022-02-02T14:56:14","date_gmt":"2022-02-02T17:56:14","guid":{"rendered":"https:\/\/eldiariodesanpedro.com.ar\/sitio\/?p=103681"},"modified":"2022-02-02T14:56:15","modified_gmt":"2022-02-02T17:56:15","slug":"volvieron-a-robar-en-jagger-esta-vez-entraron-por-una-ventana-y-se-llevaron-mercaderia-y-dinero","status":"publish","type":"post","link":"https:\/\/eldiariodesanpedro.com.ar\/sitio\/volvieron-a-robar-en-jagger-esta-vez-entraron-por-una-ventana-y-se-llevaron-mercaderia-y-dinero\/","title":{"rendered":"Volvieron a robar en Jagger, esta vez entraron por una ventana y se llevaron mercader\u00eda y dinero"},"content":{"rendered":"<!-- VideographyWP Plugin Message: Automatic video embedding prevented by plugin options. -->\n\n<p>En la madrugada de hoy volvieron a robar en el local gastron\u00f3mico Jagger ubicado en zona c\u00e9ntrica, pero esta vez entraron por una ventana trasera y se llevaron mercader\u00eda y dinero.<\/p>\n\n\n\n<p>El hecho ocurri\u00f3 en horas de la madrugada de este mi\u00e9rcoles cuando autores ignorados ingresaron al comercio ubicado en calle Las Heras y Pellegrini a trav\u00e9s de una ventana que da al patio trasero.<\/p>\n\n\n\n<p>Seg\u00fan se pudo constatar en el local falto mercader\u00eda de diferentes heladeras y adem\u00e1s dinero en efectivo.<\/p>\n\n\n\n<p>Recordemos que el pasado 10&nbsp; de enero el propietario del lugar Fernando Gord\u00f3 fue asaltado cuando se retiraba del lugar llev\u00e1ndose la recaudaci\u00f3n del d\u00eda.<\/p>\n\n\n\n<p>La polic\u00eda investiga el hecho a trav\u00e9s de las c\u00e1maras de seguridad del lugar como de los vecinos.<\/p>\n","protected":false},"excerpt":{"rendered":"<p>En la madrugada de hoy volvieron a robar en el local gastron\u00f3mico Jagger ubicado en zona c\u00e9ntrica, pero esta vez entraron por una ventana trasera y se llevaron mercader\u00eda y dinero. El hecho ocurri\u00f3 en horas de la madrugada de este mi\u00e9rcoles cuando autores ignorados ingresaron al comercio ubicado en calle Las Heras y Pellegrini [&hellip;]<\/p>\n","protected":false},"author":4,"featured_media":103682,"comment_status":"closed","ping_status":"closed","sticky":false,"template":"","format":"standard","meta":{"om_disable_all_campaigns":false,"_jetpack_memberships_contains_paid_content":false,"footnotes":""},"categories":[50,2,103],"tags":[197,2652,696,33,19,2651],"class_list":["post-103681","post","type-post","status-publish","format-standard","has-post-thumbnail","hentry","category-destacadas","category-locales","category-policiales-locales","tag-buenos-aires","tag-esta-vez-entraron-por-una-ventana-y-se-llevaron-mercaderia-y-dinero","tag-interes-general","tag-locales","tag-san-pedro","tag-volvieron-a-robar-en-jagger"],"aioseo_notices":[],"gutentor_comment":0,"jetpack_featured_media_url":"https:\/\/eldiariodesanpedro.com.ar\/sitio\/wp-content\/uploads\/2022\/02\/273021699_2198623900276095_3069631681251277781_n.jpg","jetpack_shortlink":"https:\/\/wp.me\/p6RhLt-qYh","jetpack_sharing_enabled":true,"_links":{"self":[{"href":"https:\/\/eldiariodesanpedro.com.ar\/sitio\/wp-json\/wp\/v2\/posts\/103681","targetHints":{"allow":["GET"]}}],"collection":[{"href":"https:\/\/eldiariodesanpedro.com.ar\/sitio\/wp-json\/wp\/v2\/posts"}],"about":[{"href":"https:\/\/eldiariodesanpedro.com.ar\/sitio\/wp-json\/wp\/v2\/types\/post"}],"author":[{"embeddable":true,"href":"https:\/\/eldiariodesanpedro.com.ar\/sitio\/wp-json\/wp\/v2\/users\/4"}],"replies":[{"embeddable":true,"href":"https:\/\/eldiariodesanpedro.com.ar\/sitio\/wp-json\/wp\/v2\/comments?post=103681"}],"version-history":[{"count":1,"href":"https:\/\/eldiariodesanpedro.com.ar\/sitio\/wp-json\/wp\/v2\/posts\/103681\/revisions"}],"predecessor-version":[{"id":103683,"href":"https:\/\/eldiariodesanpedro.com.ar\/sitio\/wp-json\/wp\/v2\/posts\/103681\/revisions\/103683"}],"wp:featuredmedia":[{"embeddable":true,"href":"https:\/\/eldiariodesanpedro.com.ar\/sitio\/wp-json\/wp\/v2\/media\/103682"}],"wp:attachment":[{"href":"https:\/\/eldiariodesanpedro.com.ar\/sitio\/wp-json\/wp\/v2\/media?parent=103681"}],"wp:term":[{"taxonomy":"category","embeddable":true,"href":"https:\/\/eldiariodesanpedro.com.ar\/sitio\/wp-json\/wp\/v2\/categories?post=103681"},{"taxonomy":"post_tag","embeddable":true,"href":"https:\/\/eldiariodesanpedro.com.ar\/sitio\/wp-json\/wp\/v2\/tags?post=103681"}],"curies":[{"name":"wp","href":"https:\/\/api.w.org\/{rel}","templated":true}]}}