{"id":103678,"date":"2022-02-02T14:44:18","date_gmt":"2022-02-02T17:44:18","guid":{"rendered":"https:\/\/eldiariodesanpedro.com.ar\/sitio\/?p=103678"},"modified":"2022-02-02T14:44:20","modified_gmt":"2022-02-02T17:44:20","slug":"quiso-alquilar-un-departamento-en-caba-y-fue-estafado-por-10-mil-pesos","status":"publish","type":"post","link":"https:\/\/eldiariodesanpedro.com.ar\/sitio\/quiso-alquilar-un-departamento-en-caba-y-fue-estafado-por-10-mil-pesos\/","title":{"rendered":"Quiso alquilar un departamento en CABA y fue estafado por 10 mil pesos"},"content":{"rendered":"<!-- VideographyWP Plugin Message: Automatic video embedding prevented by plugin options. -->\n\n<p>En la jornada de ayer martes se recibi\u00f3 una denuncia en la comisar\u00eda local por parte de un ciudadano mayor de edad quien dice ser estafado en el intento de alquiler de un departamento en la Ciudad aut\u00f3noma de Buenos Aires.<\/p>\n\n\n\n<p>Un ciudadano de 51 a\u00f1os realiz\u00f3 una denuncia en la comisar\u00eda local declarando que d\u00edas atr\u00e1s intent\u00f3 alquilar un departamento en CABA en la zona de Recoleta que encontr\u00f3 a trav\u00e9s de los clasificados del diario Clar\u00edn, por lo que el denunciante se comunica con el supuesto propietario y este le hace realizar un dep\u00f3sito de 10 mil pesos en una cuenta bancaria. Al tiempo despu\u00e9s de haber enviado el dinero no vuelven a tener contacto con el propietario.<\/p>\n","protected":false},"excerpt":{"rendered":"<p>En la jornada de ayer martes se recibi\u00f3 una denuncia en la comisar\u00eda local por parte de un ciudadano mayor de edad quien dice ser estafado en el intento de alquiler de un departamento en la Ciudad aut\u00f3noma de Buenos Aires. Un ciudadano de 51 a\u00f1os realiz\u00f3 una denuncia en la comisar\u00eda local declarando que [&hellip;]<\/p>\n","protected":false},"author":4,"featured_media":103679,"comment_status":"closed","ping_status":"closed","sticky":false,"template":"","format":"standard","meta":{"om_disable_all_campaigns":false,"_jetpack_memberships_contains_paid_content":false,"footnotes":""},"categories":[2,103],"tags":[197,33,95,2650,19],"class_list":["post-103678","post","type-post","status-publish","format-standard","has-post-thumbnail","hentry","category-locales","category-policiales-locales","tag-buenos-aires","tag-locales","tag-policiales","tag-quiso-alquilar-un-departamento-en-caba-y-fue-estafado-por-10-mil-pesos","tag-san-pedro"],"aioseo_notices":[],"gutentor_comment":0,"jetpack_featured_media_url":"https:\/\/eldiariodesanpedro.com.ar\/sitio\/wp-content\/uploads\/2022\/02\/comisaria_san_pedro.jpg","jetpack_shortlink":"https:\/\/wp.me\/p6RhLt-qYe","jetpack_sharing_enabled":true,"_links":{"self":[{"href":"https:\/\/eldiariodesanpedro.com.ar\/sitio\/wp-json\/wp\/v2\/posts\/103678","targetHints":{"allow":["GET"]}}],"collection":[{"href":"https:\/\/eldiariodesanpedro.com.ar\/sitio\/wp-json\/wp\/v2\/posts"}],"about":[{"href":"https:\/\/eldiariodesanpedro.com.ar\/sitio\/wp-json\/wp\/v2\/types\/post"}],"author":[{"embeddable":true,"href":"https:\/\/eldiariodesanpedro.com.ar\/sitio\/wp-json\/wp\/v2\/users\/4"}],"replies":[{"embeddable":true,"href":"https:\/\/eldiariodesanpedro.com.ar\/sitio\/wp-json\/wp\/v2\/comments?post=103678"}],"version-history":[{"count":1,"href":"https:\/\/eldiariodesanpedro.com.ar\/sitio\/wp-json\/wp\/v2\/posts\/103678\/revisions"}],"predecessor-version":[{"id":103680,"href":"https:\/\/eldiariodesanpedro.com.ar\/sitio\/wp-json\/wp\/v2\/posts\/103678\/revisions\/103680"}],"wp:featuredmedia":[{"embeddable":true,"href":"https:\/\/eldiariodesanpedro.com.ar\/sitio\/wp-json\/wp\/v2\/media\/103679"}],"wp:attachment":[{"href":"https:\/\/eldiariodesanpedro.com.ar\/sitio\/wp-json\/wp\/v2\/media?parent=103678"}],"wp:term":[{"taxonomy":"category","embeddable":true,"href":"https:\/\/eldiariodesanpedro.com.ar\/sitio\/wp-json\/wp\/v2\/categories?post=103678"},{"taxonomy":"post_tag","embeddable":true,"href":"https:\/\/eldiariodesanpedro.com.ar\/sitio\/wp-json\/wp\/v2\/tags?post=103678"}],"curies":[{"name":"wp","href":"https:\/\/api.w.org\/{rel}","templated":true}]}}