{"id":103674,"date":"2022-02-02T14:28:44","date_gmt":"2022-02-02T17:28:44","guid":{"rendered":"https:\/\/eldiariodesanpedro.com.ar\/sitio\/?p=103674"},"modified":"2022-02-02T14:28:46","modified_gmt":"2022-02-02T17:28:46","slug":"murio-su-abuela-y-la-persona-que-la-cuidaba-usurpo-la-casa","status":"publish","type":"post","link":"https:\/\/eldiariodesanpedro.com.ar\/sitio\/murio-su-abuela-y-la-persona-que-la-cuidaba-usurpo-la-casa\/","title":{"rendered":"Muri\u00f3 su abuela y la persona que la cuidaba usurp\u00f3 la casa"},"content":{"rendered":"<!-- VideographyWP Plugin Message: Automatic video embedding prevented by plugin options. -->\n\n<p>En la jornada de ayer lunes se recibi\u00f3 una denuncia en la comisar\u00eda local por parte de una mujer mayor de edad que sufri\u00f3 la usurpaci\u00f3n de una vivienda que le pertenec\u00eda a su abuela, uno de los usurpadores ser\u00eda la mujer quien cuidaba a la se\u00f1ora fallecida.<\/p>\n\n\n\n<p>En la comisar\u00eda local este martes una mujer de 34 a\u00f1os de edad se hizo presente para realizar una denuncia por una usurpaci\u00f3n de vivienda por parte de otra mujer junto a su familia.<\/p>\n\n\n\n<p>El hecho da comienzo cuando la denunciante se hace presente en la vivienda ubicado en calle General Pueyrredon al 1000 que era propiedad de su abuela de 83 a\u00f1os que falleciera meses atr\u00e1s, en el lugar se encontr\u00f3 con una joven de 25 a\u00f1os de edad quien refiere ser quien cuidaba de su abuela hasta su defunci\u00f3n y quienestaria vivienda hace cuatro meses en la vivienda y sin intenciones de retirarse. La nieta de la propietaria realizar\u00e1 los tr\u00e1mites para recuperar la vivienda.<\/p>\n\n\n\n<p>Otra denuncia se recibi\u00f3 posteriormente por parte de uno de los ocupantes de la casa, un joven de 25 a\u00f1os, que refiere que el mismo d\u00eda alrededor de las 01:30 hs se hacen presente en domicilio en cuesti\u00f3n cuatro sujetos no identificados quienes increpan intentando ingresar por la fuerza al domicilio manifestando que la casa le pertenec\u00eda a su abuela que falleci\u00f3 sin lograr su cometido.<\/p>\n","protected":false},"excerpt":{"rendered":"<p>En la jornada de ayer lunes se recibi\u00f3 una denuncia en la comisar\u00eda local por parte de una mujer mayor de edad que sufri\u00f3 la usurpaci\u00f3n de una vivienda que le pertenec\u00eda a su abuela, uno de los usurpadores ser\u00eda la mujer quien cuidaba a la se\u00f1ora fallecida. En la comisar\u00eda local este martes una [&hellip;]<\/p>\n","protected":false},"author":4,"featured_media":103675,"comment_status":"closed","ping_status":"closed","sticky":false,"template":"","format":"standard","meta":{"om_disable_all_campaigns":false,"_jetpack_memberships_contains_paid_content":false,"footnotes":""},"categories":[50,2,103],"tags":[197,33,2649,95,19],"class_list":["post-103674","post","type-post","status-publish","format-standard","has-post-thumbnail","hentry","category-destacadas","category-locales","category-policiales-locales","tag-buenos-aires","tag-locales","tag-murio-su-abuela-y-la-persona-que-la-cuidaba-usurpo-la-casa","tag-policiales","tag-san-pedro"],"aioseo_notices":[],"gutentor_comment":0,"jetpack_featured_media_url":"https:\/\/eldiariodesanpedro.com.ar\/sitio\/wp-content\/uploads\/2022\/02\/medida.jpg","jetpack_shortlink":"https:\/\/wp.me\/p6RhLt-qYa","jetpack_sharing_enabled":true,"_links":{"self":[{"href":"https:\/\/eldiariodesanpedro.com.ar\/sitio\/wp-json\/wp\/v2\/posts\/103674","targetHints":{"allow":["GET"]}}],"collection":[{"href":"https:\/\/eldiariodesanpedro.com.ar\/sitio\/wp-json\/wp\/v2\/posts"}],"about":[{"href":"https:\/\/eldiariodesanpedro.com.ar\/sitio\/wp-json\/wp\/v2\/types\/post"}],"author":[{"embeddable":true,"href":"https:\/\/eldiariodesanpedro.com.ar\/sitio\/wp-json\/wp\/v2\/users\/4"}],"replies":[{"embeddable":true,"href":"https:\/\/eldiariodesanpedro.com.ar\/sitio\/wp-json\/wp\/v2\/comments?post=103674"}],"version-history":[{"count":1,"href":"https:\/\/eldiariodesanpedro.com.ar\/sitio\/wp-json\/wp\/v2\/posts\/103674\/revisions"}],"predecessor-version":[{"id":103676,"href":"https:\/\/eldiariodesanpedro.com.ar\/sitio\/wp-json\/wp\/v2\/posts\/103674\/revisions\/103676"}],"wp:featuredmedia":[{"embeddable":true,"href":"https:\/\/eldiariodesanpedro.com.ar\/sitio\/wp-json\/wp\/v2\/media\/103675"}],"wp:attachment":[{"href":"https:\/\/eldiariodesanpedro.com.ar\/sitio\/wp-json\/wp\/v2\/media?parent=103674"}],"wp:term":[{"taxonomy":"category","embeddable":true,"href":"https:\/\/eldiariodesanpedro.com.ar\/sitio\/wp-json\/wp\/v2\/categories?post=103674"},{"taxonomy":"post_tag","embeddable":true,"href":"https:\/\/eldiariodesanpedro.com.ar\/sitio\/wp-json\/wp\/v2\/tags?post=103674"}],"curies":[{"name":"wp","href":"https:\/\/api.w.org\/{rel}","templated":true}]}}