{"id":103672,"date":"2022-02-02T14:10:21","date_gmt":"2022-02-02T17:10:21","guid":{"rendered":"https:\/\/eldiariodesanpedro.com.ar\/sitio\/?p=103672"},"modified":"2022-02-02T14:10:23","modified_gmt":"2022-02-02T17:10:23","slug":"tres-denuncias-por-robo-de-motocicleta-las-cuales-no-tenian-medidas-de-seguridad-colocadas","status":"publish","type":"post","link":"https:\/\/eldiariodesanpedro.com.ar\/sitio\/tres-denuncias-por-robo-de-motocicleta-las-cuales-no-tenian-medidas-de-seguridad-colocadas\/","title":{"rendered":"Tres denuncias por robo de motocicleta, las cuales no ten\u00edan medidas de seguridad colocadas"},"content":{"rendered":"<!-- VideographyWP Plugin Message: Automatic video embedding prevented by plugin options. -->\n\n<p>El pasado lunes&nbsp; se recepcionaron tres denuncias de sustracci\u00f3n de motocicletas en la v\u00eda p\u00fablica sin trabas de seguridad o sin cadenas.<\/p>\n\n\n\n<p>En primer lugar siendo un denunciante masculino de 56 a\u00f1os de edad, indicando que d\u00eda domingo de madrugada le sustrajeron su motocicleta Corven Energy 110 cc color negro estacionada sin medida de seguridad en vereda de calle Casella y Benefactoras Sampedrinas.<\/p>\n\n\n\n<p>Otro denuncia por parte de un ciudadano 53 a\u00f1os de edad, que en horas de la madrugada en momentos que egresa de comercio ubicado en calle Lucio Mansilla y Las Provincias da cuenta que autores ignorados le hab\u00edan sustra\u00eddo su motocicleta de marca Guerrero 110 cc, la cual se encontraba sin candado de seguridad.<\/p>\n\n\n\n<p>Por \u00faltimo otro sujeto de 55 a\u00f1os de edad, declar\u00f3 que de calle Las Provincias N\u00b0\u00a0 900 le sustrajeron su motocicleta marca Gilera 110 cc, la cual se encontraba sin candado ni traba en el manubrio.<\/p>\n","protected":false},"excerpt":{"rendered":"<p>El pasado lunes&nbsp; se recepcionaron tres denuncias de sustracci\u00f3n de motocicletas en la v\u00eda p\u00fablica sin trabas de seguridad o sin cadenas. En primer lugar siendo un denunciante masculino de 56 a\u00f1os de edad, indicando que d\u00eda domingo de madrugada le sustrajeron su motocicleta Corven Energy 110 cc color negro estacionada sin medida de seguridad [&hellip;]<\/p>\n","protected":false},"author":4,"featured_media":45394,"comment_status":"closed","ping_status":"closed","sticky":false,"template":"","format":"standard","meta":{"om_disable_all_campaigns":false,"_jetpack_memberships_contains_paid_content":false,"footnotes":""},"categories":[2,103],"tags":[197,33,95,19],"class_list":["post-103672","post","type-post","status-publish","format-standard","has-post-thumbnail","hentry","category-locales","category-policiales-locales","tag-buenos-aires","tag-locales","tag-policiales","tag-san-pedro"],"aioseo_notices":[],"gutentor_comment":0,"jetpack_featured_media_url":"https:\/\/eldiariodesanpedro.com.ar\/sitio\/wp-content\/uploads\/2019\/01\/comisaria.jpg","jetpack_shortlink":"https:\/\/wp.me\/p6RhLt-qY8","jetpack_sharing_enabled":true,"_links":{"self":[{"href":"https:\/\/eldiariodesanpedro.com.ar\/sitio\/wp-json\/wp\/v2\/posts\/103672","targetHints":{"allow":["GET"]}}],"collection":[{"href":"https:\/\/eldiariodesanpedro.com.ar\/sitio\/wp-json\/wp\/v2\/posts"}],"about":[{"href":"https:\/\/eldiariodesanpedro.com.ar\/sitio\/wp-json\/wp\/v2\/types\/post"}],"author":[{"embeddable":true,"href":"https:\/\/eldiariodesanpedro.com.ar\/sitio\/wp-json\/wp\/v2\/users\/4"}],"replies":[{"embeddable":true,"href":"https:\/\/eldiariodesanpedro.com.ar\/sitio\/wp-json\/wp\/v2\/comments?post=103672"}],"version-history":[{"count":1,"href":"https:\/\/eldiariodesanpedro.com.ar\/sitio\/wp-json\/wp\/v2\/posts\/103672\/revisions"}],"predecessor-version":[{"id":103673,"href":"https:\/\/eldiariodesanpedro.com.ar\/sitio\/wp-json\/wp\/v2\/posts\/103672\/revisions\/103673"}],"wp:featuredmedia":[{"embeddable":true,"href":"https:\/\/eldiariodesanpedro.com.ar\/sitio\/wp-json\/wp\/v2\/media\/45394"}],"wp:attachment":[{"href":"https:\/\/eldiariodesanpedro.com.ar\/sitio\/wp-json\/wp\/v2\/media?parent=103672"}],"wp:term":[{"taxonomy":"category","embeddable":true,"href":"https:\/\/eldiariodesanpedro.com.ar\/sitio\/wp-json\/wp\/v2\/categories?post=103672"},{"taxonomy":"post_tag","embeddable":true,"href":"https:\/\/eldiariodesanpedro.com.ar\/sitio\/wp-json\/wp\/v2\/tags?post=103672"}],"curies":[{"name":"wp","href":"https:\/\/api.w.org\/{rel}","templated":true}]}}