{"id":10367,"date":"2016-11-17T19:12:58","date_gmt":"2016-11-17T22:12:58","guid":{"rendered":"https:\/\/eldiariodesanpedro.com.ar\/sitio\/?p=10367"},"modified":"2016-11-17T19:12:58","modified_gmt":"2016-11-17T22:12:58","slug":"pol-ka-y-hbo-rodaran-escenas-de-la-miniserie-el-jardin-de-bronce-en-san-pedro","status":"publish","type":"post","link":"https:\/\/eldiariodesanpedro.com.ar\/sitio\/pol-ka-y-hbo-rodaran-escenas-de-la-miniserie-el-jardin-de-bronce-en-san-pedro\/","title":{"rendered":"POL-KA y HBO rodar\u00e1n escenas de la miniserie \u201cEl Jard\u00edn de Bronce\u201d en San Pedro"},"content":{"rendered":"<p><!-- VideographyWP Plugin Message: Automatic video embedding prevented by plugin options. --><br \/>\nLa miniserie ser\u00e1 protagonizada por Joaqu\u00edn Furriel, Julieta Zylberberg y Norma Aleandro. Se trata de un policial basado en la novela de Gustavo Malajovich. Comenz\u00f3 ayer su rodaje, con la direcci\u00f3n de Hern\u00e1n Golfrid y Pablo Fendrik.<\/p>\n<p>Desde la Municipalidad de San Pedro han difundido un comunicado en donde dan a conocer que se estar\u00e1 realizando un casting de extras. La semana de filmaci\u00f3n ser\u00e1 del lunes 21\/11 hasta el jueves 24\/11. \u201cEs importante que tengan disponibilidad en estas fechas y flexibilidad horaria. Buscamos hombres y mujeres de 18 a 70 a\u00f1os. Diferentes perfiles, edades, transe\u00fantes, pasajeros de lancha, polic\u00edas, bomberos, entre otras caracter\u00edsticas pueblerinas\u201d, explican en la informaci\u00f3n suministrada a nuestro medio. Adem\u00e1s se\u00f1alan que ser\u00e1n remuneradas esas tareas.<\/p>\n<p>Los interesados deber\u00e1n enviar el mail a: anahisinatrae@gmail.com (Adjuntar fotos de rostro y cuerpo entero excluyente). En el asunto del mail poner: EXTRA SAN PEDRO.<\/p>\n<p><strong>El Jard\u00edn de Bronce<\/strong><\/p>\n<p>Se trata de la historia del arquitecto Fabi\u00e1n Danubio -profesi\u00f3n que estudi\u00f3 en la vida real Malajovich-, cuya hijita de cuatro a\u00f1os desaparece cuando iba camino a un cumplea\u00f1os con su ni\u00f1era. El padre inicia una b\u00fasqueda que va a durar a\u00f1os, en una Buenos Aires plagada de polic\u00edas y funcionarios in\u00fatiles y corruptos. Justamente ese ambiente hostil de ineptitud y decadencia es lo que motoriza su voluntad de no darse por vencido. Con la ayuda de un detective privado muy particular seguir\u00e1 su b\u00fasqueda a toda costa.<\/p>\n<p>El programa ser\u00e1 grabado totalmente en nuestro pa\u00eds, fundamentalmente en Buenos Aires, cuya fisonom\u00eda urbana real tendr\u00e1 una presencia muy marcada en el relato. Est\u00e1 previsto que esta primera temporada de ocho episodios sea realizada durante la segunda mitad de 2016 y el estreno del programa ser\u00e1 en el transcurso de 2017. La novela de Malajovich estuvo dise\u00f1ada para ser la primera de una serie de novelas negras enfocadas en el personaje del padre que, luego de resolver el caso de su hija, adquiere un conjunto de saberes que le permitir\u00edan encarar otros casos similares. El proyecto podr\u00eda ser el germen de otras temporadas de la serie de TV.<\/p>\n","protected":false},"excerpt":{"rendered":"<p>La miniserie ser\u00e1 protagonizada por Joaqu\u00edn Furriel, Julieta Zylberberg y Norma Aleandro. Se trata de un policial basado en la novela de Gustavo Malajovich. Comenz\u00f3 ayer su rodaje, con la direcci\u00f3n de Hern\u00e1n Golfrid y Pablo Fendrik. Desde la Municipalidad de San Pedro han difundido un comunicado en donde dan a conocer que se estar\u00e1 [&hellip;]<\/p>\n","protected":false},"author":4,"featured_media":10368,"comment_status":"open","ping_status":"closed","sticky":false,"template":"","format":"standard","meta":{"om_disable_all_campaigns":false,"_jetpack_memberships_contains_paid_content":false,"footnotes":""},"categories":[101,2],"tags":[],"class_list":["post-10367","post","type-post","status-publish","format-standard","has-post-thumbnail","hentry","category-interes-general-locales","category-locales"],"aioseo_notices":[],"gutentor_comment":0,"jetpack_featured_media_url":"https:\/\/eldiariodesanpedro.com.ar\/sitio\/wp-content\/uploads\/2016\/11\/El-Jard\u00edn-de-Bronce-HBO-pol-ka-san-pedro.jpg","jetpack_shortlink":"https:\/\/wp.me\/p6RhLt-2Hd","jetpack_sharing_enabled":true,"_links":{"self":[{"href":"https:\/\/eldiariodesanpedro.com.ar\/sitio\/wp-json\/wp\/v2\/posts\/10367","targetHints":{"allow":["GET"]}}],"collection":[{"href":"https:\/\/eldiariodesanpedro.com.ar\/sitio\/wp-json\/wp\/v2\/posts"}],"about":[{"href":"https:\/\/eldiariodesanpedro.com.ar\/sitio\/wp-json\/wp\/v2\/types\/post"}],"author":[{"embeddable":true,"href":"https:\/\/eldiariodesanpedro.com.ar\/sitio\/wp-json\/wp\/v2\/users\/4"}],"replies":[{"embeddable":true,"href":"https:\/\/eldiariodesanpedro.com.ar\/sitio\/wp-json\/wp\/v2\/comments?post=10367"}],"version-history":[{"count":1,"href":"https:\/\/eldiariodesanpedro.com.ar\/sitio\/wp-json\/wp\/v2\/posts\/10367\/revisions"}],"predecessor-version":[{"id":10369,"href":"https:\/\/eldiariodesanpedro.com.ar\/sitio\/wp-json\/wp\/v2\/posts\/10367\/revisions\/10369"}],"wp:featuredmedia":[{"embeddable":true,"href":"https:\/\/eldiariodesanpedro.com.ar\/sitio\/wp-json\/wp\/v2\/media\/10368"}],"wp:attachment":[{"href":"https:\/\/eldiariodesanpedro.com.ar\/sitio\/wp-json\/wp\/v2\/media?parent=10367"}],"wp:term":[{"taxonomy":"category","embeddable":true,"href":"https:\/\/eldiariodesanpedro.com.ar\/sitio\/wp-json\/wp\/v2\/categories?post=10367"},{"taxonomy":"post_tag","embeddable":true,"href":"https:\/\/eldiariodesanpedro.com.ar\/sitio\/wp-json\/wp\/v2\/tags?post=10367"}],"curies":[{"name":"wp","href":"https:\/\/api.w.org\/{rel}","templated":true}]}}