{"id":103669,"date":"2022-02-02T13:58:08","date_gmt":"2022-02-02T16:58:08","guid":{"rendered":"https:\/\/eldiariodesanpedro.com.ar\/sitio\/?p=103669"},"modified":"2022-02-02T13:58:10","modified_gmt":"2022-02-02T16:58:10","slug":"cuatro-aprehendidos-tras-un-robo-ocurrido-el-dia-domingo","status":"publish","type":"post","link":"https:\/\/eldiariodesanpedro.com.ar\/sitio\/cuatro-aprehendidos-tras-un-robo-ocurrido-el-dia-domingo\/","title":{"rendered":"Cuatro aprehendidos tras un robo ocurrido el d\u00eda domingo"},"content":{"rendered":"<!-- VideographyWP Plugin Message: Automatic video embedding prevented by plugin options. -->\n\n<p>El pasado lunes, tras hecho il\u00edcito caratulado robo agravado ocurrido en calle Bottaro y Alvarado el dia 30\/01 en horas de la noche en el que result\u00f3 v\u00edctima una femenina de 42 a\u00f1os de edad, y procedi\u00e9ndose a la aprehensi\u00f3n en fuga de un masculino de 25 a\u00f1os autor del hecho, secuestr\u00e1ndose elementos sustra\u00eddos televisor y cortadora de c\u00e9sped, se solicit\u00f3 de manera posterior tras declaraci\u00f3n v\u00edctima en sede judicial e investigaciones realizadas por GTO San Pedro, las detenciones de dem\u00e1s autores hecho procediendo a cumplimentar tal diligencia en v\u00eda p\u00fablica con los tres masculinos restantes de 25, 26 y 22 a\u00f1os,\u00a0 quedando alojados en sede policial a disposici\u00f3n del\u00a0 Juzgado de Garant\u00edas Nro. 1 San Nicol\u00e1s.<\/p>\n","protected":false},"excerpt":{"rendered":"<p>El pasado lunes, tras hecho il\u00edcito caratulado robo agravado ocurrido en calle Bottaro y Alvarado el dia 30\/01 en horas de la noche en el que result\u00f3 v\u00edctima una femenina de 42 a\u00f1os de edad, y procedi\u00e9ndose a la aprehensi\u00f3n en fuga de un masculino de 25 a\u00f1os autor del hecho, secuestr\u00e1ndose elementos sustra\u00eddos televisor [&hellip;]<\/p>\n","protected":false},"author":4,"featured_media":103670,"comment_status":"closed","ping_status":"closed","sticky":false,"template":"","format":"standard","meta":{"om_disable_all_campaigns":false,"_jetpack_memberships_contains_paid_content":false,"footnotes":""},"categories":[2,103],"tags":[197,33,95,19],"class_list":["post-103669","post","type-post","status-publish","format-standard","has-post-thumbnail","hentry","category-locales","category-policiales-locales","tag-buenos-aires","tag-locales","tag-policiales","tag-san-pedro"],"aioseo_notices":[],"gutentor_comment":0,"jetpack_featured_media_url":"https:\/\/eldiariodesanpedro.com.ar\/sitio\/wp-content\/uploads\/2022\/02\/273126448_2198100176995134_8213738351900414008_n.jpg","jetpack_shortlink":"https:\/\/wp.me\/p6RhLt-qY5","jetpack_sharing_enabled":true,"_links":{"self":[{"href":"https:\/\/eldiariodesanpedro.com.ar\/sitio\/wp-json\/wp\/v2\/posts\/103669","targetHints":{"allow":["GET"]}}],"collection":[{"href":"https:\/\/eldiariodesanpedro.com.ar\/sitio\/wp-json\/wp\/v2\/posts"}],"about":[{"href":"https:\/\/eldiariodesanpedro.com.ar\/sitio\/wp-json\/wp\/v2\/types\/post"}],"author":[{"embeddable":true,"href":"https:\/\/eldiariodesanpedro.com.ar\/sitio\/wp-json\/wp\/v2\/users\/4"}],"replies":[{"embeddable":true,"href":"https:\/\/eldiariodesanpedro.com.ar\/sitio\/wp-json\/wp\/v2\/comments?post=103669"}],"version-history":[{"count":1,"href":"https:\/\/eldiariodesanpedro.com.ar\/sitio\/wp-json\/wp\/v2\/posts\/103669\/revisions"}],"predecessor-version":[{"id":103671,"href":"https:\/\/eldiariodesanpedro.com.ar\/sitio\/wp-json\/wp\/v2\/posts\/103669\/revisions\/103671"}],"wp:featuredmedia":[{"embeddable":true,"href":"https:\/\/eldiariodesanpedro.com.ar\/sitio\/wp-json\/wp\/v2\/media\/103670"}],"wp:attachment":[{"href":"https:\/\/eldiariodesanpedro.com.ar\/sitio\/wp-json\/wp\/v2\/media?parent=103669"}],"wp:term":[{"taxonomy":"category","embeddable":true,"href":"https:\/\/eldiariodesanpedro.com.ar\/sitio\/wp-json\/wp\/v2\/categories?post=103669"},{"taxonomy":"post_tag","embeddable":true,"href":"https:\/\/eldiariodesanpedro.com.ar\/sitio\/wp-json\/wp\/v2\/tags?post=103669"}],"curies":[{"name":"wp","href":"https:\/\/api.w.org\/{rel}","templated":true}]}}