{"id":103662,"date":"2022-02-02T13:25:01","date_gmt":"2022-02-02T16:25:01","guid":{"rendered":"https:\/\/eldiariodesanpedro.com.ar\/sitio\/?p=103662"},"modified":"2022-02-02T13:25:03","modified_gmt":"2022-02-02T16:25:03","slug":"primera-etapa-del-operativo-de-vacunacion-territorial-covid-19-y-calendario-regular-doble-y-triple-viral","status":"publish","type":"post","link":"https:\/\/eldiariodesanpedro.com.ar\/sitio\/primera-etapa-del-operativo-de-vacunacion-territorial-covid-19-y-calendario-regular-doble-y-triple-viral\/","title":{"rendered":"Primera etapa del operativo de vacunaci\u00f3n territorial covid-19  y calendario regular doble y triple viral"},"content":{"rendered":"<!-- VideographyWP Plugin Message: Automatic video embedding prevented by plugin options. -->\n\n<p>La Secretar\u00eda de Salud, la Jefatura Distrital y la coordinaci\u00f3n del Plan de Vacunaci\u00f3n COVID-19 comienzan desde ma\u00f1ana la primera etapa de la campa\u00f1a de vacunaci\u00f3n territorial conjunta, que a trav\u00e9s de un equipo con integrantes de todas las organizaciones comenzar\u00e1 a realizar este operativo tomando como punto de referencia los establecimientos educativos y sus zonas de influencia.<\/p>\n\n\n\n<p>Este es el cronograma:<\/p>\n\n\n\n<p>Jueves 3 de febrero:<\/p>\n\n\n\n<p>&#x27a1;&#xfe0f; 9 a 12hs. Escuela Secundaria N\u00b012 (Balcarce y Las Provincias)<\/p>\n\n\n\n<p>&#x27a1;&#xfe0f; 14 a 17hs. Escuela primaria N\u00b04 \u00bb Domingo French\u00bb (Eduardo Dipietri 750)<\/p>\n\n\n\n<p>Recordamos que podes vacunarte libre para:<\/p>\n\n\n\n<p>&#x2714; 3\u00b0 dosis &#x27a1;&#xfe0f; Mayores de 50 a\u00f1os que hayan transcurrido 4 meses de la \u00faltima dosis. Personal de salud, educaci\u00f3n y seguridad.<\/p>\n\n\n\n<p>&#x2714; 2\u00b0 dosis &#x27a1;&#xfe0f; Mayores de 3 a\u00f1os que haya transcurrido 1 mes de su \u00faltima dosis.<\/p>\n\n\n\n<p>&#x2714; 1\u00b0 dosis &#x27a1;&#xfe0f; Mayores de 3 a\u00f1os.<\/p>\n\n\n\n<p>Durante el fin de semana continuar\u00e1 la planificaci\u00f3n para las pr\u00f3ximas recorridas que se ir\u00e1n comunicando a trav\u00e9s de todos los canales oficiales.<\/p>\n\n\n\n<figure class=\"wp-block-image size-full\"><img decoding=\"async\" width=\"630\" height=\"630\" data-attachment-id=\"103664\" data-permalink=\"https:\/\/eldiariodesanpedro.com.ar\/sitio\/primera-etapa-del-operativo-de-vacunacion-territorial-covid-19-y-calendario-regular-doble-y-triple-viral\/whatsapp-image-2022-02-02-at-12-01-34\/\" data-orig-file=\"https:\/\/eldiariodesanpedro.com.ar\/sitio\/wp-content\/uploads\/2022\/02\/WhatsApp-Image-2022-02-02-at-12.01.34.jpeg\" data-orig-size=\"630,630\" data-comments-opened=\"0\" data-image-meta=\"{&quot;aperture&quot;:&quot;0&quot;,&quot;credit&quot;:&quot;&quot;,&quot;camera&quot;:&quot;&quot;,&quot;caption&quot;:&quot;&quot;,&quot;created_timestamp&quot;:&quot;0&quot;,&quot;copyright&quot;:&quot;&quot;,&quot;focal_length&quot;:&quot;0&quot;,&quot;iso&quot;:&quot;0&quot;,&quot;shutter_speed&quot;:&quot;0&quot;,&quot;title&quot;:&quot;&quot;,&quot;orientation&quot;:&quot;0&quot;}\" data-image-title=\"WhatsApp Image 2022-02-02 at 12.01.34\" data-image-description=\"\" data-image-caption=\"\" data-large-file=\"https:\/\/eldiariodesanpedro.com.ar\/sitio\/wp-content\/uploads\/2022\/02\/WhatsApp-Image-2022-02-02-at-12.01.34.jpeg\" data-src=\"https:\/\/eldiariodesanpedro.com.ar\/sitio\/wp-content\/uploads\/2022\/02\/WhatsApp-Image-2022-02-02-at-12.01.34.jpeg\" alt=\"\" class=\"wp-image-103664 lazyload\" data-srcset=\"https:\/\/eldiariodesanpedro.com.ar\/sitio\/wp-content\/uploads\/2022\/02\/WhatsApp-Image-2022-02-02-at-12.01.34.jpeg 630w, https:\/\/eldiariodesanpedro.com.ar\/sitio\/wp-content\/uploads\/2022\/02\/WhatsApp-Image-2022-02-02-at-12.01.34-300x300.jpeg 300w, https:\/\/eldiariodesanpedro.com.ar\/sitio\/wp-content\/uploads\/2022\/02\/WhatsApp-Image-2022-02-02-at-12.01.34-150x150.jpeg 150w\" data-sizes=\"(max-width: 630px) 100vw, 630px\" src=\"data:image\/svg+xml;base64,PHN2ZyB3aWR0aD0iMSIgaGVpZ2h0PSIxIiB4bWxucz0iaHR0cDovL3d3dy53My5vcmcvMjAwMC9zdmciPjwvc3ZnPg==\" style=\"--smush-placeholder-width: 630px; --smush-placeholder-aspect-ratio: 630\/630;\" \/><\/figure>\n","protected":false},"excerpt":{"rendered":"<p>La Secretar\u00eda de Salud, la Jefatura Distrital y la coordinaci\u00f3n del Plan de Vacunaci\u00f3n COVID-19 comienzan desde ma\u00f1ana la primera etapa de la campa\u00f1a de vacunaci\u00f3n territorial conjunta, que a trav\u00e9s de un equipo con integrantes de todas las organizaciones comenzar\u00e1 a realizar este operativo tomando como punto de referencia los establecimientos educativos y sus [&hellip;]<\/p>\n","protected":false},"author":4,"featured_media":88478,"comment_status":"closed","ping_status":"closed","sticky":false,"template":"","format":"standard","meta":{"om_disable_all_campaigns":false,"_jetpack_memberships_contains_paid_content":false,"footnotes":""},"categories":[50,101,2],"tags":[197,696,33,19],"class_list":["post-103662","post","type-post","status-publish","format-standard","has-post-thumbnail","hentry","category-destacadas","category-interes-general-locales","category-locales","tag-buenos-aires","tag-interes-general","tag-locales","tag-san-pedro"],"aioseo_notices":[],"gutentor_comment":0,"jetpack_featured_media_url":"https:\/\/eldiariodesanpedro.com.ar\/sitio\/wp-content\/uploads\/2021\/03\/provincia-empiezan-vacunar-menores-60-anos.jpg","jetpack_shortlink":"https:\/\/wp.me\/p6RhLt-qXY","jetpack_sharing_enabled":true,"_links":{"self":[{"href":"https:\/\/eldiariodesanpedro.com.ar\/sitio\/wp-json\/wp\/v2\/posts\/103662","targetHints":{"allow":["GET"]}}],"collection":[{"href":"https:\/\/eldiariodesanpedro.com.ar\/sitio\/wp-json\/wp\/v2\/posts"}],"about":[{"href":"https:\/\/eldiariodesanpedro.com.ar\/sitio\/wp-json\/wp\/v2\/types\/post"}],"author":[{"embeddable":true,"href":"https:\/\/eldiariodesanpedro.com.ar\/sitio\/wp-json\/wp\/v2\/users\/4"}],"replies":[{"embeddable":true,"href":"https:\/\/eldiariodesanpedro.com.ar\/sitio\/wp-json\/wp\/v2\/comments?post=103662"}],"version-history":[{"count":1,"href":"https:\/\/eldiariodesanpedro.com.ar\/sitio\/wp-json\/wp\/v2\/posts\/103662\/revisions"}],"predecessor-version":[{"id":103665,"href":"https:\/\/eldiariodesanpedro.com.ar\/sitio\/wp-json\/wp\/v2\/posts\/103662\/revisions\/103665"}],"wp:featuredmedia":[{"embeddable":true,"href":"https:\/\/eldiariodesanpedro.com.ar\/sitio\/wp-json\/wp\/v2\/media\/88478"}],"wp:attachment":[{"href":"https:\/\/eldiariodesanpedro.com.ar\/sitio\/wp-json\/wp\/v2\/media?parent=103662"}],"wp:term":[{"taxonomy":"category","embeddable":true,"href":"https:\/\/eldiariodesanpedro.com.ar\/sitio\/wp-json\/wp\/v2\/categories?post=103662"},{"taxonomy":"post_tag","embeddable":true,"href":"https:\/\/eldiariodesanpedro.com.ar\/sitio\/wp-json\/wp\/v2\/tags?post=103662"}],"curies":[{"name":"wp","href":"https:\/\/api.w.org\/{rel}","templated":true}]}}