{"id":103646,"date":"2022-02-02T10:46:02","date_gmt":"2022-02-02T13:46:02","guid":{"rendered":"https:\/\/eldiariodesanpedro.com.ar\/sitio\/?p=103646"},"modified":"2022-02-02T10:46:04","modified_gmt":"2022-02-02T13:46:04","slug":"avances-en-el-proyecto-de-repavimentacion-de-ruta-1001-ante-el-ministro-de-obras-publicas-de-la-nacion","status":"publish","type":"post","link":"https:\/\/eldiariodesanpedro.com.ar\/sitio\/avances-en-el-proyecto-de-repavimentacion-de-ruta-1001-ante-el-ministro-de-obras-publicas-de-la-nacion\/","title":{"rendered":"Avances en el proyecto de repavimentaci\u00f3n de ruta 1001 ante el Ministro de Obras P\u00fablicas de la Naci\u00f3n"},"content":{"rendered":"<!-- VideographyWP Plugin Message: Automatic video embedding prevented by plugin options. -->\n\n<p>Esta ma\u00f1ana el Intendente Dr. Ram\u00f3n Salazar y el Secretario de Obras P\u00fablicas, Planeamiento y Catastro Dr. Javier Silva presentaron oficialmente ante el Ministro de Obras P\u00fablicas de la Naci\u00f3n Gabriel Katopodis, el proyecto para la repavimentaci\u00f3n de la Ruta 1001, en el tramo comprendido desde la Ruta 9 hasta el ingreso a San Pedro.<\/p>\n\n\n\n<p>Tras las diferentes gestiones y solicitudes efectuadas desde el gobierno local a trav\u00e9s del ex Intendente Cecilio Salazar por las dificultades que surgieron en la obra realizada hace algunos a\u00f1os, se present\u00f3 el proyecto formal ante el Ministerio para que comiencen a cumplirse los pasos que derivar\u00e1n en la ejecuci\u00f3n de una repavimentaci\u00f3n que contemple las necesidades de uno de los dos accesos m\u00e1s importantes para San Pedro.<\/p>\n\n\n\n<p>El Ministro confirm\u00f3 una visita a la ciudad en los pr\u00f3ximos d\u00edas para suscribir la documentaci\u00f3n correspondiente para la ejecuci\u00f3n de la nueva obra que comprender\u00e1 una preparaci\u00f3n de 25 cent\u00edmetros de suelo cal y un pavimento de 14 cent\u00edmetros de espesor.<\/p>\n\n\n\n<p>Adem\u00e1s el Intendente y el Secretario de Obras P\u00fablicas plantearon la necesidad de que se contemple la extensi\u00f3n de los trabajos en una pr\u00f3xima etapa para mejorar las condiciones del pavimento en el camino hacia Vuelta de Obligado, con especial consideraci\u00f3n para el tramo que llega hasta la Escuela 13 que cuenta con una curr\u00edcula de unos 1000 chicos entre todos sus niveles de educaci\u00f3n.<\/p>\n","protected":false},"excerpt":{"rendered":"<p>Esta ma\u00f1ana el Intendente Dr. Ram\u00f3n Salazar y el Secretario de Obras P\u00fablicas, Planeamiento y Catastro Dr. Javier Silva presentaron oficialmente ante el Ministro de Obras P\u00fablicas de la Naci\u00f3n Gabriel Katopodis, el proyecto para la repavimentaci\u00f3n de la Ruta 1001, en el tramo comprendido desde la Ruta 9 hasta el ingreso a San Pedro. [&hellip;]<\/p>\n","protected":false},"author":4,"featured_media":103647,"comment_status":"closed","ping_status":"closed","sticky":false,"template":"","format":"standard","meta":{"om_disable_all_campaigns":false,"_jetpack_memberships_contains_paid_content":false,"footnotes":""},"categories":[50,101,2],"tags":[2648,197,696,33,19],"class_list":["post-103646","post","type-post","status-publish","format-standard","has-post-thumbnail","hentry","category-destacadas","category-interes-general-locales","category-locales","tag-avances-en-el-proyecto-de-repavimentacion-de-ruta-1001-ante-el-ministro-de-obras-publicas-de-la-nacion","tag-buenos-aires","tag-interes-general","tag-locales","tag-san-pedro"],"aioseo_notices":[],"gutentor_comment":0,"jetpack_featured_media_url":"https:\/\/eldiariodesanpedro.com.ar\/sitio\/wp-content\/uploads\/2022\/02\/WhatsApp-Image-2022-02-01-at-15.42.05.jpeg","jetpack_shortlink":"https:\/\/wp.me\/p6RhLt-qXI","jetpack_sharing_enabled":true,"_links":{"self":[{"href":"https:\/\/eldiariodesanpedro.com.ar\/sitio\/wp-json\/wp\/v2\/posts\/103646","targetHints":{"allow":["GET"]}}],"collection":[{"href":"https:\/\/eldiariodesanpedro.com.ar\/sitio\/wp-json\/wp\/v2\/posts"}],"about":[{"href":"https:\/\/eldiariodesanpedro.com.ar\/sitio\/wp-json\/wp\/v2\/types\/post"}],"author":[{"embeddable":true,"href":"https:\/\/eldiariodesanpedro.com.ar\/sitio\/wp-json\/wp\/v2\/users\/4"}],"replies":[{"embeddable":true,"href":"https:\/\/eldiariodesanpedro.com.ar\/sitio\/wp-json\/wp\/v2\/comments?post=103646"}],"version-history":[{"count":1,"href":"https:\/\/eldiariodesanpedro.com.ar\/sitio\/wp-json\/wp\/v2\/posts\/103646\/revisions"}],"predecessor-version":[{"id":103648,"href":"https:\/\/eldiariodesanpedro.com.ar\/sitio\/wp-json\/wp\/v2\/posts\/103646\/revisions\/103648"}],"wp:featuredmedia":[{"embeddable":true,"href":"https:\/\/eldiariodesanpedro.com.ar\/sitio\/wp-json\/wp\/v2\/media\/103647"}],"wp:attachment":[{"href":"https:\/\/eldiariodesanpedro.com.ar\/sitio\/wp-json\/wp\/v2\/media?parent=103646"}],"wp:term":[{"taxonomy":"category","embeddable":true,"href":"https:\/\/eldiariodesanpedro.com.ar\/sitio\/wp-json\/wp\/v2\/categories?post=103646"},{"taxonomy":"post_tag","embeddable":true,"href":"https:\/\/eldiariodesanpedro.com.ar\/sitio\/wp-json\/wp\/v2\/tags?post=103646"}],"curies":[{"name":"wp","href":"https:\/\/api.w.org\/{rel}","templated":true}]}}