{"id":103643,"date":"2022-02-02T10:32:12","date_gmt":"2022-02-02T13:32:12","guid":{"rendered":"https:\/\/eldiariodesanpedro.com.ar\/sitio\/?p=103643"},"modified":"2022-02-02T10:32:15","modified_gmt":"2022-02-02T13:32:15","slug":"luis-caramun-y-domingo-mayol-renunciaron-a-sus-cargos-de-director-y-subdelegado","status":"publish","type":"post","link":"https:\/\/eldiariodesanpedro.com.ar\/sitio\/luis-caramun-y-domingo-mayol-renunciaron-a-sus-cargos-de-director-y-subdelegado\/","title":{"rendered":"Luis Caram\u00fan y Domingo Mayol renunciaron a sus cargos de Director y Subdelegado"},"content":{"rendered":"<!-- VideographyWP Plugin Message: Automatic video embedding prevented by plugin options. -->\n\n<p>Tal cual lo hab\u00eda adelantado en FM G\u00e9nesis, ambos funcionarios dejaron la Direcci\u00f3n de Tr\u00e1nsito y la Subdelegaci\u00f3n de Santa Luc\u00eda. En las pr\u00f3ximas horas se sabr\u00e1 quienes los reemplaza.<\/p>\n\n\n\n<p>Finalmente lo adelantado en el programa Primera Plana que se emite a diario por FM G\u00e9nesis, se termin\u00f3 dando. En las \u00faltimas horas se confirmaron las renuncias de Luis Caram\u00fan y Domingo Mayol.<\/p>\n\n\n\n<p>Caram\u00fan ocupaba el cargo de Director de Tr\u00e1nsito y Nocturnidad, y Mayol lo hac\u00eda como Subdelegado de Pueblo Doyle.<\/p>\n\n\n\n<p>Hay varios nombres que surgieron como reemplazantes de ambos funcionarios pero por ahora no hay confirmaciones.<\/p>\n\n\n\n<p>En el caso de Pueblo Doyle, ser\u00e1 Luciano Juhant, actual delegado de Santa Luc\u00eda y exSubdelegado de Doyle, el que nuevamente se ocupe del pueblo.<\/p>\n","protected":false},"excerpt":{"rendered":"<p>Tal cual lo hab\u00eda adelantado en FM G\u00e9nesis, ambos funcionarios dejaron la Direcci\u00f3n de Tr\u00e1nsito y la Subdelegaci\u00f3n de Santa Luc\u00eda. En las pr\u00f3ximas horas se sabr\u00e1 quienes los reemplaza. Finalmente lo adelantado en el programa Primera Plana que se emite a diario por FM G\u00e9nesis, se termin\u00f3 dando. En las \u00faltimas horas se confirmaron [&hellip;]<\/p>\n","protected":false},"author":4,"featured_media":103644,"comment_status":"closed","ping_status":"closed","sticky":false,"template":"","format":"standard","meta":{"om_disable_all_campaigns":false,"_jetpack_memberships_contains_paid_content":false,"footnotes":""},"categories":[50,101,2],"tags":[197,696,33,19],"class_list":["post-103643","post","type-post","status-publish","format-standard","has-post-thumbnail","hentry","category-destacadas","category-interes-general-locales","category-locales","tag-buenos-aires","tag-interes-general","tag-locales","tag-san-pedro"],"aioseo_notices":[],"gutentor_comment":0,"jetpack_featured_media_url":"https:\/\/eldiariodesanpedro.com.ar\/sitio\/wp-content\/uploads\/2022\/02\/0000020667-resized-1920x1080-1.jpg","jetpack_shortlink":"https:\/\/wp.me\/p6RhLt-qXF","jetpack_sharing_enabled":true,"_links":{"self":[{"href":"https:\/\/eldiariodesanpedro.com.ar\/sitio\/wp-json\/wp\/v2\/posts\/103643","targetHints":{"allow":["GET"]}}],"collection":[{"href":"https:\/\/eldiariodesanpedro.com.ar\/sitio\/wp-json\/wp\/v2\/posts"}],"about":[{"href":"https:\/\/eldiariodesanpedro.com.ar\/sitio\/wp-json\/wp\/v2\/types\/post"}],"author":[{"embeddable":true,"href":"https:\/\/eldiariodesanpedro.com.ar\/sitio\/wp-json\/wp\/v2\/users\/4"}],"replies":[{"embeddable":true,"href":"https:\/\/eldiariodesanpedro.com.ar\/sitio\/wp-json\/wp\/v2\/comments?post=103643"}],"version-history":[{"count":1,"href":"https:\/\/eldiariodesanpedro.com.ar\/sitio\/wp-json\/wp\/v2\/posts\/103643\/revisions"}],"predecessor-version":[{"id":103645,"href":"https:\/\/eldiariodesanpedro.com.ar\/sitio\/wp-json\/wp\/v2\/posts\/103643\/revisions\/103645"}],"wp:featuredmedia":[{"embeddable":true,"href":"https:\/\/eldiariodesanpedro.com.ar\/sitio\/wp-json\/wp\/v2\/media\/103644"}],"wp:attachment":[{"href":"https:\/\/eldiariodesanpedro.com.ar\/sitio\/wp-json\/wp\/v2\/media?parent=103643"}],"wp:term":[{"taxonomy":"category","embeddable":true,"href":"https:\/\/eldiariodesanpedro.com.ar\/sitio\/wp-json\/wp\/v2\/categories?post=103643"},{"taxonomy":"post_tag","embeddable":true,"href":"https:\/\/eldiariodesanpedro.com.ar\/sitio\/wp-json\/wp\/v2\/tags?post=103643"}],"curies":[{"name":"wp","href":"https:\/\/api.w.org\/{rel}","templated":true}]}}