{"id":10364,"date":"2016-11-17T19:10:27","date_gmt":"2016-11-17T22:10:27","guid":{"rendered":"https:\/\/eldiariodesanpedro.com.ar\/sitio\/?p=10364"},"modified":"2016-11-17T19:10:27","modified_gmt":"2016-11-17T22:10:27","slug":"cristina-cierra-el-acto-del-dia-de-la-soberania-nacional","status":"publish","type":"post","link":"https:\/\/eldiariodesanpedro.com.ar\/sitio\/cristina-cierra-el-acto-del-dia-de-la-soberania-nacional\/","title":{"rendered":"Cristina cierra el acto del D\u00eda de la Soberan\u00eda Nacional"},"content":{"rendered":"<p><!-- VideographyWP Plugin Message: Automatic video embedding prevented by plugin options. --><br \/>\nLa exmandataria arribar\u00e1 al sitio hist\u00f3rico el domingo pr\u00f3ximo para realizar el cierre del acto organizado por el Insituto Patria y sectores pol\u00edticos cercanos a la Presidente (MC). Ser\u00e1 la oradora principal, quien dar\u00eda su discurso cerca de las 18.00 del domingo. <\/p>\n<p>El acto comenzar\u00e1 a las tres de la tarde aproximadamente, habr\u00e1 espect\u00e1culos art\u00edsticos y artesanos.<\/p>\n<p>En tanto que tambi\u00e9n se contar\u00eda con la actuaci\u00f3n de un sampedrino y contin\u00faa latente la posibilidad de que Teresa Parodi pueda cantar. Al mismo tiempo, contar\u00e1 con la presencia del diputado nacional M\u00e1ximo Kirchner, Axel Kicilof, el escritor \u00abPacho\u00bb O&#8217;Donnel, Oscar Parrilli , Mart\u00edn Sabatella, el Cuervo Larroque, entre otros tantos dirigentes nacionales, provinciales y de la regi\u00f3n.<\/p>\n","protected":false},"excerpt":{"rendered":"<p>La exmandataria arribar\u00e1 al sitio hist\u00f3rico el domingo pr\u00f3ximo para realizar el cierre del acto organizado por el Insituto Patria y sectores pol\u00edticos cercanos a la Presidente (MC). Ser\u00e1 la oradora principal, quien dar\u00eda su discurso cerca de las 18.00 del domingo. El acto comenzar\u00e1 a las tres de la tarde aproximadamente, habr\u00e1 espect\u00e1culos art\u00edsticos [&hellip;]<\/p>\n","protected":false},"author":4,"featured_media":10365,"comment_status":"open","ping_status":"closed","sticky":false,"template":"","format":"standard","meta":{"om_disable_all_campaigns":false,"_jetpack_memberships_contains_paid_content":false,"footnotes":""},"categories":[101,2],"tags":[],"class_list":["post-10364","post","type-post","status-publish","format-standard","has-post-thumbnail","hentry","category-interes-general-locales","category-locales"],"aioseo_notices":[],"gutentor_comment":0,"jetpack_featured_media_url":"https:\/\/eldiariodesanpedro.com.ar\/sitio\/wp-content\/uploads\/2016\/11\/dia-soberania-cristina.jpg","jetpack_shortlink":"https:\/\/wp.me\/p6RhLt-2Ha","jetpack_sharing_enabled":true,"_links":{"self":[{"href":"https:\/\/eldiariodesanpedro.com.ar\/sitio\/wp-json\/wp\/v2\/posts\/10364","targetHints":{"allow":["GET"]}}],"collection":[{"href":"https:\/\/eldiariodesanpedro.com.ar\/sitio\/wp-json\/wp\/v2\/posts"}],"about":[{"href":"https:\/\/eldiariodesanpedro.com.ar\/sitio\/wp-json\/wp\/v2\/types\/post"}],"author":[{"embeddable":true,"href":"https:\/\/eldiariodesanpedro.com.ar\/sitio\/wp-json\/wp\/v2\/users\/4"}],"replies":[{"embeddable":true,"href":"https:\/\/eldiariodesanpedro.com.ar\/sitio\/wp-json\/wp\/v2\/comments?post=10364"}],"version-history":[{"count":1,"href":"https:\/\/eldiariodesanpedro.com.ar\/sitio\/wp-json\/wp\/v2\/posts\/10364\/revisions"}],"predecessor-version":[{"id":10366,"href":"https:\/\/eldiariodesanpedro.com.ar\/sitio\/wp-json\/wp\/v2\/posts\/10364\/revisions\/10366"}],"wp:featuredmedia":[{"embeddable":true,"href":"https:\/\/eldiariodesanpedro.com.ar\/sitio\/wp-json\/wp\/v2\/media\/10365"}],"wp:attachment":[{"href":"https:\/\/eldiariodesanpedro.com.ar\/sitio\/wp-json\/wp\/v2\/media?parent=10364"}],"wp:term":[{"taxonomy":"category","embeddable":true,"href":"https:\/\/eldiariodesanpedro.com.ar\/sitio\/wp-json\/wp\/v2\/categories?post=10364"},{"taxonomy":"post_tag","embeddable":true,"href":"https:\/\/eldiariodesanpedro.com.ar\/sitio\/wp-json\/wp\/v2\/tags?post=10364"}],"curies":[{"name":"wp","href":"https:\/\/api.w.org\/{rel}","templated":true}]}}