{"id":103637,"date":"2022-02-01T10:23:24","date_gmt":"2022-02-01T13:23:24","guid":{"rendered":"https:\/\/eldiariodesanpedro.com.ar\/sitio\/?p=103637"},"modified":"2022-02-01T10:24:41","modified_gmt":"2022-02-01T13:24:41","slug":"dos-mujeres-de-83-y-64-anos-muerieron-por-covid-este-lunes","status":"publish","type":"post","link":"https:\/\/eldiariodesanpedro.com.ar\/sitio\/dos-mujeres-de-83-y-64-anos-muerieron-por-covid-este-lunes\/","title":{"rendered":"Dos mujeres de 83 y 64 a\u00f1os murieron por Covid este lunes"},"content":{"rendered":"<!-- VideographyWP Plugin Message: Automatic video embedding prevented by plugin options. -->\n\n<p>La Secretar\u00eda de Salud de la Municipalidad de San Pedro brinda el informe oficial del d\u00eda de la fecha, en el seguimiento de la Pandemia de Covid-19.<\/p>\n\n\n\n<p>Se informa adem\u00e1s el fallecimiento de dos mujeres de 83 y 64 a\u00f1os, internadas en el Hospital diagnosticadas con COVID-19 positivo.<\/p>\n\n\n\n<p>Este mes de enero de 2022 en total hubo 18 fallecidos, y en lo que va de la pandemia los muertos aumentaron a 261 v\u00edctimas de la enfermedad.<\/p>\n","protected":false},"excerpt":{"rendered":"<p>La Secretar\u00eda de Salud de la Municipalidad de San Pedro brinda el informe oficial del d\u00eda de la fecha, en el seguimiento de la Pandemia de Covid-19. Se informa adem\u00e1s el fallecimiento de dos mujeres de 83 y 64 a\u00f1os, internadas en el Hospital diagnosticadas con COVID-19 positivo. Este mes de enero de 2022 en [&hellip;]<\/p>\n","protected":false},"author":4,"featured_media":82100,"comment_status":"closed","ping_status":"closed","sticky":false,"template":"","format":"standard","meta":{"om_disable_all_campaigns":false,"_jetpack_memberships_contains_paid_content":false,"footnotes":""},"categories":[50,101,2],"tags":[197,696,33,19],"class_list":["post-103637","post","type-post","status-publish","format-standard","has-post-thumbnail","hentry","category-destacadas","category-interes-general-locales","category-locales","tag-buenos-aires","tag-interes-general","tag-locales","tag-san-pedro"],"aioseo_notices":[],"gutentor_comment":0,"jetpack_featured_media_url":"https:\/\/eldiariodesanpedro.com.ar\/sitio\/wp-content\/uploads\/2020\/10\/sanitario-hace-cama-para-personas-cuarentena-por-coronavirus-marzo-del-2020-1584565459641.jpg","jetpack_shortlink":"https:\/\/wp.me\/p6RhLt-qXz","jetpack_sharing_enabled":true,"_links":{"self":[{"href":"https:\/\/eldiariodesanpedro.com.ar\/sitio\/wp-json\/wp\/v2\/posts\/103637","targetHints":{"allow":["GET"]}}],"collection":[{"href":"https:\/\/eldiariodesanpedro.com.ar\/sitio\/wp-json\/wp\/v2\/posts"}],"about":[{"href":"https:\/\/eldiariodesanpedro.com.ar\/sitio\/wp-json\/wp\/v2\/types\/post"}],"author":[{"embeddable":true,"href":"https:\/\/eldiariodesanpedro.com.ar\/sitio\/wp-json\/wp\/v2\/users\/4"}],"replies":[{"embeddable":true,"href":"https:\/\/eldiariodesanpedro.com.ar\/sitio\/wp-json\/wp\/v2\/comments?post=103637"}],"version-history":[{"count":2,"href":"https:\/\/eldiariodesanpedro.com.ar\/sitio\/wp-json\/wp\/v2\/posts\/103637\/revisions"}],"predecessor-version":[{"id":103640,"href":"https:\/\/eldiariodesanpedro.com.ar\/sitio\/wp-json\/wp\/v2\/posts\/103637\/revisions\/103640"}],"wp:featuredmedia":[{"embeddable":true,"href":"https:\/\/eldiariodesanpedro.com.ar\/sitio\/wp-json\/wp\/v2\/media\/82100"}],"wp:attachment":[{"href":"https:\/\/eldiariodesanpedro.com.ar\/sitio\/wp-json\/wp\/v2\/media?parent=103637"}],"wp:term":[{"taxonomy":"category","embeddable":true,"href":"https:\/\/eldiariodesanpedro.com.ar\/sitio\/wp-json\/wp\/v2\/categories?post=103637"},{"taxonomy":"post_tag","embeddable":true,"href":"https:\/\/eldiariodesanpedro.com.ar\/sitio\/wp-json\/wp\/v2\/tags?post=103637"}],"curies":[{"name":"wp","href":"https:\/\/api.w.org\/{rel}","templated":true}]}}