{"id":103635,"date":"2022-02-01T10:13:47","date_gmt":"2022-02-01T13:13:47","guid":{"rendered":"https:\/\/eldiariodesanpedro.com.ar\/sitio\/?p=103635"},"modified":"2022-02-01T10:13:49","modified_gmt":"2022-02-01T13:13:49","slug":"coronavirus-hoy-sin-resultados-y-gracias-a-nuevas-altas-los-activos-bajaron-a-806","status":"publish","type":"post","link":"https:\/\/eldiariodesanpedro.com.ar\/sitio\/coronavirus-hoy-sin-resultados-y-gracias-a-nuevas-altas-los-activos-bajaron-a-806\/","title":{"rendered":"Coronavirus: hoy sin resultados y gracias a nuevas altas los activos bajaron a 806"},"content":{"rendered":"<!-- VideographyWP Plugin Message: Automatic video embedding prevented by plugin options. -->\n\n<p>La Secretar\u00eda de Salud de la Municipalidad de San Pedro brinda el informe oficial del d\u00eda de la fecha, en el seguimiento de la Pandemia de Covid-19.<\/p>\n\n\n\n<p>En el d\u00eda de la fecha, no hay cambios con respecto a los resultados informados en el reporte de ayer. Si surgen nuevos datos los comunicaremos en el pr\u00f3ximo reporte.<\/p>\n\n\n\n<p>Se enviaron nuevas muestras que se encuentran pendientes. Cuando se reciban los resultados ser\u00e1n comunicados.<\/p>\n\n\n\n<p>De acuerdo al criterio epidemiol\u00f3gico vigente se cargaron 200 altas.<\/p>\n\n\n\n<p>Se informa adem\u00e1s el fallecimiento de dos mujeres de 83 y 64 a\u00f1os, internadas en el Hospital diagnosticadas con COVID-19 positivo.<\/p>\n\n\n\n<p>Resumen actualizado de informaci\u00f3n oficial<\/p>\n\n\n\n<p>Nuevos Positivos: S\/R<br>Nuevos Negativos: S\/R <br>Activos: 806 <br>Recuperados: 8134 <br>Fallecidos: 261<\/p>\n\n\n\n<p>Los datos consignados en este informe corresponden a casos analizados por el Laboratorio CentraLab y testeos r\u00e1pidos efectuados en el Laboratorio del Hospital.<\/p>\n\n\n\n<p>&#x1f449; Completar esquema de vacunas<br>&#x1f449; Presentar PASE SANITARIO<br>&#x1f449; Usar adecuadamente el barbijo.<br>&#x1f449; Mantener la distancia m\u00ednima de 2 metros.<br>&#x1f449; Extremar la higiene de los espacios.<br>&#x1f449; Mantener las manos limpias.<\/p>\n","protected":false},"excerpt":{"rendered":"<p>La Secretar\u00eda de Salud de la Municipalidad de San Pedro brinda el informe oficial del d\u00eda de la fecha, en el seguimiento de la Pandemia de Covid-19. En el d\u00eda de la fecha, no hay cambios con respecto a los resultados informados en el reporte de ayer. Si surgen nuevos datos los comunicaremos en el [&hellip;]<\/p>\n","protected":false},"author":4,"featured_media":71628,"comment_status":"closed","ping_status":"closed","sticky":false,"template":"","format":"standard","meta":{"om_disable_all_campaigns":false,"_jetpack_memberships_contains_paid_content":false,"footnotes":""},"categories":[50,101,2],"tags":[197,696,33,19],"class_list":["post-103635","post","type-post","status-publish","format-standard","has-post-thumbnail","hentry","category-destacadas","category-interes-general-locales","category-locales","tag-buenos-aires","tag-interes-general","tag-locales","tag-san-pedro"],"aioseo_notices":[],"gutentor_comment":0,"jetpack_featured_media_url":"https:\/\/eldiariodesanpedro.com.ar\/sitio\/wp-content\/uploads\/2020\/04\/primer_caso_coronavirus_en_medellin.jpg","jetpack_shortlink":"https:\/\/wp.me\/p6RhLt-qXx","jetpack_sharing_enabled":true,"_links":{"self":[{"href":"https:\/\/eldiariodesanpedro.com.ar\/sitio\/wp-json\/wp\/v2\/posts\/103635","targetHints":{"allow":["GET"]}}],"collection":[{"href":"https:\/\/eldiariodesanpedro.com.ar\/sitio\/wp-json\/wp\/v2\/posts"}],"about":[{"href":"https:\/\/eldiariodesanpedro.com.ar\/sitio\/wp-json\/wp\/v2\/types\/post"}],"author":[{"embeddable":true,"href":"https:\/\/eldiariodesanpedro.com.ar\/sitio\/wp-json\/wp\/v2\/users\/4"}],"replies":[{"embeddable":true,"href":"https:\/\/eldiariodesanpedro.com.ar\/sitio\/wp-json\/wp\/v2\/comments?post=103635"}],"version-history":[{"count":1,"href":"https:\/\/eldiariodesanpedro.com.ar\/sitio\/wp-json\/wp\/v2\/posts\/103635\/revisions"}],"predecessor-version":[{"id":103636,"href":"https:\/\/eldiariodesanpedro.com.ar\/sitio\/wp-json\/wp\/v2\/posts\/103635\/revisions\/103636"}],"wp:featuredmedia":[{"embeddable":true,"href":"https:\/\/eldiariodesanpedro.com.ar\/sitio\/wp-json\/wp\/v2\/media\/71628"}],"wp:attachment":[{"href":"https:\/\/eldiariodesanpedro.com.ar\/sitio\/wp-json\/wp\/v2\/media?parent=103635"}],"wp:term":[{"taxonomy":"category","embeddable":true,"href":"https:\/\/eldiariodesanpedro.com.ar\/sitio\/wp-json\/wp\/v2\/categories?post=103635"},{"taxonomy":"post_tag","embeddable":true,"href":"https:\/\/eldiariodesanpedro.com.ar\/sitio\/wp-json\/wp\/v2\/tags?post=103635"}],"curies":[{"name":"wp","href":"https:\/\/api.w.org\/{rel}","templated":true}]}}