{"id":103632,"date":"2022-02-01T10:05:52","date_gmt":"2022-02-01T13:05:52","guid":{"rendered":"https:\/\/eldiariodesanpedro.com.ar\/sitio\/?p=103632"},"modified":"2022-02-01T10:05:56","modified_gmt":"2022-02-01T13:05:56","slug":"calvino-la-idea-es-hacerle-un-seguimiento-a-la-situacion-por-la-que-atraviesa-la-ciudad","status":"publish","type":"post","link":"https:\/\/eldiariodesanpedro.com.ar\/sitio\/calvino-la-idea-es-hacerle-un-seguimiento-a-la-situacion-por-la-que-atraviesa-la-ciudad\/","title":{"rendered":"Calvi\u00f1o: \u201cLa idea es hacerle un seguimiento a la situaci\u00f3n por la que atraviesa la ciudad\u201d"},"content":{"rendered":"<!-- VideographyWP Plugin Message: Automatic video embedding prevented by plugin options. -->\n\n<p>El funcionario del Ministerio de Seguridad visit\u00f3 la ciudad, se reuni\u00f3 con las autoridades pol\u00edticas y de seguridad, y brind\u00f3 una entrevista en el aire de FM G\u00e9nesis. Reconoci\u00f3 que la situaci\u00f3n que atraviesa la ciudad es delicada y que se implementar\u00e1 una estrategia para desalentar y prevenir cualquier tipo de delito.<\/p>\n\n\n\n<p>En medio de una preocupante ola de inseguridad, el Subsecretario de Fiscalizaci\u00f3n y Control Policial del Interior de la Provincia de Buenos Aires, Guillermo N\u00e9stor Calvi\u00f1o, estuvo en la ciudad.<\/p>\n\n\n\n<p>El funcionario que integra el equipo del Ministerio de Seguridad comparti\u00f3 con el jefe comunal informaci\u00f3n sobre las gestiones que se han elevado desde el municipio y recibi\u00f3 de parte de las autoridades locales las inquietudes que han venido generando reuniones con vecinos, con representantes de las fuerzas de seguridad y del poder judicial.<\/p>\n\n\n\n<p>\u201cLa idea de estar en San Pedro fue la de coordinar y hacerle un seguimiento a la situaci\u00f3n por la que atraviesa la ciudad\u201d, dijo Calvi\u00f1o en el aire de FM G\u00e9nesis.<\/p>\n\n\n\n<p>\u201cLa reuni\u00f3n con el Intendente fue bastante amena, \u00e9l plante\u00f3 la situaci\u00f3n por la que se est\u00e1 atravesando y nosotros planteamos tambi\u00e9n la situaci\u00f3n de la instituci\u00f3n\u201d.<\/p>\n\n\n\n<p>\u201cLa idea nuestra es la de plantear una estrategia de acuerdo a lo charlado con el ministro Berni y a la vez volc\u00e1rsela al personal policial para que ellos lo utilicen como estrategia con el objetivo de desalentar y prevenir cualquier tipo de delito\u201d, remarc\u00f3 el funcionario.<\/p>\n\n\n\n<p>\u201cTambi\u00e9n estuvieron las distintas fuerzas y como de costumbre nuestra estrategia es la de conformar una mesa de trabajo\u201d.<\/p>\n\n\n\n<p>Sobre la falta de insumos y elementos de trabajo Calvi\u00f1o se\u00f1al\u00f3 que \u201cEn realidad como pasa en distintos lugares de la provincia me hicieron distintos pedidos y estamos trabajando en eso, porque el ministerio planifica cada uno de los recursos, pero tambi\u00e9n no somos ajenos a la crisis que se vive en el mundo y hemos tenido algunos inconvenientes con las empresas automotrices que nos proveen de veh\u00edculos por ejemplo, pero de a poco se va normalizando y ya hemos comenzado a entregar unidades\u201d.<\/p>\n\n\n\n<p>\u201cSi logramos llegar con los tiempos nuestro objetivo es renovar toda la flota vehicular en la provincia de Buenos Aires, esperemos poder completarlo en este a\u00f1o, ya lo hicimos con las patrullas rurales y pr\u00f3ximamente comenzaremos con las comisar\u00edas\u201d, afirm\u00f3 Calvi\u00f1o.<\/p>\n\n\n\n<p>\u201cLo que m\u00e1s queremos es que cuando la gente sufre un delito concurra a la dependencia policial y haga la denuncia, porque nosotros necesitamos tener conocimiento fehaciente sobre c\u00f3mo est\u00e1 todo en cada una de las ciudades\u201d.<\/p>\n\n\n\n<p>Fuente: <a href=\"https:\/\/www.sanpedroinforma.com.ar\/news-124755-calvi%C3%B1o-la-idea-es-hacerle-un-seguimiento-a-la-situaci%C3%B3n-por-la-que-atraviesa-la-ciudad\">San Pedro informa<\/a><\/p>\n","protected":false},"excerpt":{"rendered":"<p>El funcionario del Ministerio de Seguridad visit\u00f3 la ciudad, se reuni\u00f3 con las autoridades pol\u00edticas y de seguridad, y brind\u00f3 una entrevista en el aire de FM G\u00e9nesis. Reconoci\u00f3 que la situaci\u00f3n que atraviesa la ciudad es delicada y que se implementar\u00e1 una estrategia para desalentar y prevenir cualquier tipo de delito. En medio de [&hellip;]<\/p>\n","protected":false},"author":4,"featured_media":103633,"comment_status":"closed","ping_status":"closed","sticky":false,"template":"","format":"standard","meta":{"om_disable_all_campaigns":false,"_jetpack_memberships_contains_paid_content":false,"footnotes":""},"categories":[50,101,2],"tags":[197,2647,696,33,19],"class_list":["post-103632","post","type-post","status-publish","format-standard","has-post-thumbnail","hentry","category-destacadas","category-interes-general-locales","category-locales","tag-buenos-aires","tag-calvino-la-idea-es-hacerle-un-seguimiento-a-la-situacion-por-la-que-atraviesa-la-ciudad","tag-interes-general","tag-locales","tag-san-pedro"],"aioseo_notices":[],"gutentor_comment":0,"jetpack_featured_media_url":"https:\/\/eldiariodesanpedro.com.ar\/sitio\/wp-content\/uploads\/2022\/02\/0000020663-resized-1920x1080-1.jpeg","jetpack_shortlink":"https:\/\/wp.me\/p6RhLt-qXu","jetpack_sharing_enabled":true,"_links":{"self":[{"href":"https:\/\/eldiariodesanpedro.com.ar\/sitio\/wp-json\/wp\/v2\/posts\/103632","targetHints":{"allow":["GET"]}}],"collection":[{"href":"https:\/\/eldiariodesanpedro.com.ar\/sitio\/wp-json\/wp\/v2\/posts"}],"about":[{"href":"https:\/\/eldiariodesanpedro.com.ar\/sitio\/wp-json\/wp\/v2\/types\/post"}],"author":[{"embeddable":true,"href":"https:\/\/eldiariodesanpedro.com.ar\/sitio\/wp-json\/wp\/v2\/users\/4"}],"replies":[{"embeddable":true,"href":"https:\/\/eldiariodesanpedro.com.ar\/sitio\/wp-json\/wp\/v2\/comments?post=103632"}],"version-history":[{"count":1,"href":"https:\/\/eldiariodesanpedro.com.ar\/sitio\/wp-json\/wp\/v2\/posts\/103632\/revisions"}],"predecessor-version":[{"id":103634,"href":"https:\/\/eldiariodesanpedro.com.ar\/sitio\/wp-json\/wp\/v2\/posts\/103632\/revisions\/103634"}],"wp:featuredmedia":[{"embeddable":true,"href":"https:\/\/eldiariodesanpedro.com.ar\/sitio\/wp-json\/wp\/v2\/media\/103633"}],"wp:attachment":[{"href":"https:\/\/eldiariodesanpedro.com.ar\/sitio\/wp-json\/wp\/v2\/media?parent=103632"}],"wp:term":[{"taxonomy":"category","embeddable":true,"href":"https:\/\/eldiariodesanpedro.com.ar\/sitio\/wp-json\/wp\/v2\/categories?post=103632"},{"taxonomy":"post_tag","embeddable":true,"href":"https:\/\/eldiariodesanpedro.com.ar\/sitio\/wp-json\/wp\/v2\/tags?post=103632"}],"curies":[{"name":"wp","href":"https:\/\/api.w.org\/{rel}","templated":true}]}}