{"id":103629,"date":"2022-02-01T09:59:15","date_gmt":"2022-02-01T12:59:15","guid":{"rendered":"https:\/\/eldiariodesanpedro.com.ar\/sitio\/?p=103629"},"modified":"2022-02-01T09:59:16","modified_gmt":"2022-02-01T12:59:16","slug":"tras-la-ola-de-inseguridad-se-realizan-operativos-de-control-en-accesos-y-diferentes-puntos-de-la-ciudad","status":"publish","type":"post","link":"https:\/\/eldiariodesanpedro.com.ar\/sitio\/tras-la-ola-de-inseguridad-se-realizan-operativos-de-control-en-accesos-y-diferentes-puntos-de-la-ciudad\/","title":{"rendered":"Tras la ola de inseguridad se realizan operativos de control en accesos y diferentes puntos de la ciudad"},"content":{"rendered":"<!-- VideographyWP Plugin Message: Automatic video embedding prevented by plugin options. -->\n\n<p>Con la participaci\u00f3n de efectivos pertenecientes a distintas dependencias de la ciudad se llev\u00f3 a cabo un operativo de control en distintos puntos de la ciudad principalmente los accesos y la zona rural. Se secuestraron veh\u00edculos y se labraron distintas infracciones.<\/p>\n\n\n\n<p>Con el objetivo de prevenir distintos delitos episodios que vienen aconteciendo en diversos puntos de la ciudad, personal policial perteneciente a la Comisar\u00eda San Pedro, Destacamentos de las localidades y el CPR se llev\u00f3 a cabo un operativo conjunto en los caminos de acceso a la ciudad y la zona rural.&nbsp;<\/p>\n\n\n\n<p>Como resultados de los mismos en la intersecci\u00f3n de la ruta 1001 y el ingreso a R\u00edo Tala se identificaron 8 camiones, 22 autom\u00f3viles, 5 motocicletas y 43 personas. Se lograron secuestrar 3 motocicletas, 4 autos y se labraron distintas infracciones que fueron destinadas al juzgado de faltas de nuestra localidad.<\/p>\n\n\n\n<p>En el barrio La Tosquera se interceptaron 7 camiones, 16 autos, 3 motos y se identificaron a 30 personas.<\/p>\n\n\n\n<p>En Gobernador Castro, sobre la ruta 9 y el acceso a la localidad, se identificaron 4 autom\u00f3viles y a 11 personas.<\/p>\n\n\n\n<p>Los operativos continuar\u00e1n en el transcurso de la semana a modo de prevenci\u00f3n.<\/p>\n\n\n\n<p>Fuente: <a href=\"https:\/\/www.sanpedroinforma.com.ar\/news-124756-operativo-de-control-en-distintos-puntos-de-la-ciudad\">San Pedro Informa<\/a><\/p>\n","protected":false},"excerpt":{"rendered":"<p>Con la participaci\u00f3n de efectivos pertenecientes a distintas dependencias de la ciudad se llev\u00f3 a cabo un operativo de control en distintos puntos de la ciudad principalmente los accesos y la zona rural. Se secuestraron veh\u00edculos y se labraron distintas infracciones. Con el objetivo de prevenir distintos delitos episodios que vienen aconteciendo en diversos puntos [&hellip;]<\/p>\n","protected":false},"author":4,"featured_media":103630,"comment_status":"closed","ping_status":"closed","sticky":false,"template":"","format":"standard","meta":{"om_disable_all_campaigns":false,"_jetpack_memberships_contains_paid_content":false,"footnotes":""},"categories":[50,101,2],"tags":[197,696,33,19],"class_list":["post-103629","post","type-post","status-publish","format-standard","has-post-thumbnail","hentry","category-destacadas","category-interes-general-locales","category-locales","tag-buenos-aires","tag-interes-general","tag-locales","tag-san-pedro"],"aioseo_notices":[],"gutentor_comment":0,"jetpack_featured_media_url":"https:\/\/eldiariodesanpedro.com.ar\/sitio\/wp-content\/uploads\/2022\/02\/0000020664-resized-1920x1080-1.jpeg","jetpack_shortlink":"https:\/\/wp.me\/p6RhLt-qXr","jetpack_sharing_enabled":true,"_links":{"self":[{"href":"https:\/\/eldiariodesanpedro.com.ar\/sitio\/wp-json\/wp\/v2\/posts\/103629","targetHints":{"allow":["GET"]}}],"collection":[{"href":"https:\/\/eldiariodesanpedro.com.ar\/sitio\/wp-json\/wp\/v2\/posts"}],"about":[{"href":"https:\/\/eldiariodesanpedro.com.ar\/sitio\/wp-json\/wp\/v2\/types\/post"}],"author":[{"embeddable":true,"href":"https:\/\/eldiariodesanpedro.com.ar\/sitio\/wp-json\/wp\/v2\/users\/4"}],"replies":[{"embeddable":true,"href":"https:\/\/eldiariodesanpedro.com.ar\/sitio\/wp-json\/wp\/v2\/comments?post=103629"}],"version-history":[{"count":1,"href":"https:\/\/eldiariodesanpedro.com.ar\/sitio\/wp-json\/wp\/v2\/posts\/103629\/revisions"}],"predecessor-version":[{"id":103631,"href":"https:\/\/eldiariodesanpedro.com.ar\/sitio\/wp-json\/wp\/v2\/posts\/103629\/revisions\/103631"}],"wp:featuredmedia":[{"embeddable":true,"href":"https:\/\/eldiariodesanpedro.com.ar\/sitio\/wp-json\/wp\/v2\/media\/103630"}],"wp:attachment":[{"href":"https:\/\/eldiariodesanpedro.com.ar\/sitio\/wp-json\/wp\/v2\/media?parent=103629"}],"wp:term":[{"taxonomy":"category","embeddable":true,"href":"https:\/\/eldiariodesanpedro.com.ar\/sitio\/wp-json\/wp\/v2\/categories?post=103629"},{"taxonomy":"post_tag","embeddable":true,"href":"https:\/\/eldiariodesanpedro.com.ar\/sitio\/wp-json\/wp\/v2\/tags?post=103629"}],"curies":[{"name":"wp","href":"https:\/\/api.w.org\/{rel}","templated":true}]}}