{"id":103626,"date":"2022-02-01T09:46:51","date_gmt":"2022-02-01T12:46:51","guid":{"rendered":"https:\/\/eldiariodesanpedro.com.ar\/sitio\/?p=103626"},"modified":"2022-02-01T09:46:53","modified_gmt":"2022-02-01T12:46:53","slug":"los-paradores-recreo-tuvieron-250-000-visitantes-en-un-mes","status":"publish","type":"post","link":"https:\/\/eldiariodesanpedro.com.ar\/sitio\/los-paradores-recreo-tuvieron-250-000-visitantes-en-un-mes\/","title":{"rendered":"Los paradores ReCreo tuvieron 250.000 visitantes en un mes"},"content":{"rendered":"<!-- VideographyWP Plugin Message: Automatic video embedding prevented by plugin options. -->\n\n<p>La provincia de Buenos Aires celebr\u00f3 con shows, recitales y actividades especiales los 250.000 visitantes a los paradores ReCreo en la temporada de verano.<\/p>\n\n\n\n<p>En el marco de la temporada de verano en la&nbsp;<a href=\"https:\/\/infocielo.com\/provincia-buenos-aires\" target=\"_blank\" rel=\"noreferrer noopener\">provincia de Buenos Aires<\/a>, la gesti\u00f3n de&nbsp;Axel Kicillof&nbsp;mont\u00f3 paradores con actividades, sorpresas y shows para los turistas que se acerquen a los municipios.&nbsp;El programa de promoci\u00f3n cultural llamado<a href=\"https:\/\/infocielo.com\/recreo-a18677\" target=\"_blank\" rel=\"noreferrer noopener\">&nbsp;ReCreo&nbsp;<\/a>lleg\u00f3 a los 250.000 visitantes este fin de semana pasado y desde el Gobierno celebraron la cifra.<\/p>\n\n\n\n<p>\u201cMiles de veraneantes se sumaron a la celebraci\u00f3n durante toda la jornada y disfrutaron de las actividades y espect\u00e1culos. Regalos, sorpresas y mucha alegr\u00eda fue el denominador com\u00fan que se vivi\u00f3 en cada uno de los paradores, que ya son verdaderos s\u00edmbolos de una temporada hist\u00f3rica\u201d, destacaron desde el Ministerio de Producci\u00f3n, Ciencia e Innovaci\u00f3n.<\/p>\n\n\n\n<p>Este fin de semana y en el marco de los festejos por los 250.000 visitantes, la Provincia lanz\u00f3 un ciclo de shows y actividades en los distintos paradores.&nbsp;<strong>Los Totora<\/strong>&nbsp;se presentaron en Mar del Plata,&nbsp;<strong>Chala Rasta<\/strong>&nbsp;en Santa Teresita,&nbsp;<strong>Migrantes&nbsp;<\/strong>en Monte Hermoso,&nbsp;<strong>El Choque Urbano<\/strong>&nbsp;en Ensenada,&nbsp;<strong>\u00c1rbol&nbsp;<\/strong>en San Pedro y&nbsp;<strong>Peteco Carabajal<\/strong>&nbsp;en Tandil.<\/p>\n\n\n\n<p>Desde la gesti\u00f3n de Axel Kicillof se\u00f1alaron que&nbsp;<strong>el acceso \u201cas\u00ed como tambi\u00e9n las actividades y shows fueron libres y gratuitos durante todo el mes, y lo seguir\u00e1 siendo hasta la finalizaci\u00f3n de la temporada\u201d<\/strong>.<\/p>\n\n\n\n<p>La Provincia de Buenos Aires vive un<a href=\"https:\/\/infocielo.com\/verano\/verano-2022-los-destinos-mas-elegidos-la-segunda-quincena-n730353\" target=\"_blank\" rel=\"noreferrer noopener\">&nbsp;\u201cboom\u201d del turismo&nbsp;<\/a>pese a la pandemia de coronavirus. En el marco de la temporada de<strong>&nbsp;<\/strong><a href=\"https:\/\/infocielo.com\/verano-a244\" target=\"_blank\" rel=\"noreferrer noopener\"><strong>verano<\/strong><\/a>,&nbsp;<strong>casi 3 millones de personas ya recorrieron los distintos destinos que ofrece el territorio provincial<\/strong>.<\/p>\n\n\n\n<h2 class=\"wp-block-heading\"><strong>\u00bfCu\u00e1les son los paradores de ReCreo en la provincia de Buenos Aires?<\/strong><\/h2>\n\n\n\n<p>En total son seis los paradores&nbsp;<strong>ReCreo<\/strong>&nbsp;fijos en la&nbsp;<strong>provincia de Buenos Aires<\/strong>, al que se suma el \u00e1rea de servicio y descanso en la Ruta 2. Todos ellos son de acceso libre y gratuito para vecinos y turistas, y est\u00e1n en:<\/p>\n\n\n\n<ol class=\"wp-block-list\"><li>Mar del Plata<\/li><li>Santa Teresita (La Costa)<\/li><li>Monte Hermoso<\/li><li>Ensenada<\/li><li>San Pedro<\/li><li>Tandil<\/li><\/ol>\n\n\n\n<p>Las actividades en cada uno de los paradores, como as\u00ed tambi\u00e9n fechas, destinos y distintas actividades tur\u00edsticas, sociales y culturales se pueden consultar a trav\u00e9s de la&nbsp;<a href=\"https:\/\/recreo.gba.gob.ar\/\" target=\"_blank\" rel=\"noreferrer noopener\">p\u00e1gina web oficial del programa ReCreo<\/a>.<\/p>\n\n\n\n<p>Desde el Ministerio de Producci\u00f3n, que encabeza\u00a0Augusto Costa, se\u00f1alaron que \u201ces una pol\u00edtica p\u00fablica impulsada por la Provincia junto a los 135 municipios bonaerenses con el fin de reactivar y promover la econom\u00eda regional, el Turismo y la Cultura. Incluye una plataforma digital y una cada vez m\u00e1s popular aplicaci\u00f3n m\u00f3vil de geolocalizaci\u00f3n que permite acceder a la agenda cultural, destinos tur\u00edsticos y beneficios de todo el territorio provincial en un solo lugar\u201d.<\/p>\n\n\n\n<p>Fuente: Infocielo<\/p>\n","protected":false},"excerpt":{"rendered":"<p>La provincia de Buenos Aires celebr\u00f3 con shows, recitales y actividades especiales los 250.000 visitantes a los paradores ReCreo en la temporada de verano. En el marco de la temporada de verano en la&nbsp;provincia de Buenos Aires, la gesti\u00f3n de&nbsp;Axel Kicillof&nbsp;mont\u00f3 paradores con actividades, sorpresas y shows para los turistas que se acerquen a los [&hellip;]<\/p>\n","protected":false},"author":4,"featured_media":103627,"comment_status":"closed","ping_status":"closed","sticky":false,"template":"","format":"standard","meta":{"om_disable_all_campaigns":false,"_jetpack_memberships_contains_paid_content":false,"footnotes":""},"categories":[101,2],"tags":[197,696,33,19],"class_list":["post-103626","post","type-post","status-publish","format-standard","has-post-thumbnail","hentry","category-interes-general-locales","category-locales","tag-buenos-aires","tag-interes-general","tag-locales","tag-san-pedro"],"aioseo_notices":[],"gutentor_comment":0,"jetpack_featured_media_url":"https:\/\/eldiariodesanpedro.com.ar\/sitio\/wp-content\/uploads\/2022\/02\/0000020665-resized-1920x1080-1.jpg","jetpack_shortlink":"https:\/\/wp.me\/p6RhLt-qXo","jetpack_sharing_enabled":true,"_links":{"self":[{"href":"https:\/\/eldiariodesanpedro.com.ar\/sitio\/wp-json\/wp\/v2\/posts\/103626","targetHints":{"allow":["GET"]}}],"collection":[{"href":"https:\/\/eldiariodesanpedro.com.ar\/sitio\/wp-json\/wp\/v2\/posts"}],"about":[{"href":"https:\/\/eldiariodesanpedro.com.ar\/sitio\/wp-json\/wp\/v2\/types\/post"}],"author":[{"embeddable":true,"href":"https:\/\/eldiariodesanpedro.com.ar\/sitio\/wp-json\/wp\/v2\/users\/4"}],"replies":[{"embeddable":true,"href":"https:\/\/eldiariodesanpedro.com.ar\/sitio\/wp-json\/wp\/v2\/comments?post=103626"}],"version-history":[{"count":1,"href":"https:\/\/eldiariodesanpedro.com.ar\/sitio\/wp-json\/wp\/v2\/posts\/103626\/revisions"}],"predecessor-version":[{"id":103628,"href":"https:\/\/eldiariodesanpedro.com.ar\/sitio\/wp-json\/wp\/v2\/posts\/103626\/revisions\/103628"}],"wp:featuredmedia":[{"embeddable":true,"href":"https:\/\/eldiariodesanpedro.com.ar\/sitio\/wp-json\/wp\/v2\/media\/103627"}],"wp:attachment":[{"href":"https:\/\/eldiariodesanpedro.com.ar\/sitio\/wp-json\/wp\/v2\/media?parent=103626"}],"wp:term":[{"taxonomy":"category","embeddable":true,"href":"https:\/\/eldiariodesanpedro.com.ar\/sitio\/wp-json\/wp\/v2\/categories?post=103626"},{"taxonomy":"post_tag","embeddable":true,"href":"https:\/\/eldiariodesanpedro.com.ar\/sitio\/wp-json\/wp\/v2\/tags?post=103626"}],"curies":[{"name":"wp","href":"https:\/\/api.w.org\/{rel}","templated":true}]}}