{"id":103621,"date":"2022-01-31T19:01:41","date_gmt":"2022-01-31T22:01:41","guid":{"rendered":"https:\/\/eldiariodesanpedro.com.ar\/sitio\/?p=103621"},"modified":"2022-01-31T19:01:43","modified_gmt":"2022-01-31T22:01:43","slug":"vacunatorio-manana-martes-en-la-localidad-de-pueblo-doyle","status":"publish","type":"post","link":"https:\/\/eldiariodesanpedro.com.ar\/sitio\/vacunatorio-manana-martes-en-la-localidad-de-pueblo-doyle\/","title":{"rendered":"Vacunatorio ma\u00f1ana martes en la localidad de Pueblo Doyle"},"content":{"rendered":"<!-- VideographyWP Plugin Message: Automatic video embedding prevented by plugin options. -->\n\n<p>La coordinaci\u00f3n del vacunatorio del Club de Jubilados de San Pedro informa que este Mi\u00e9rcoles 02 de febrero se encontrar\u00e1n en Pueblo Doyle, ubicados en el Club Sportivo Doyle de 9 a 13.00hs, aplicando vacunas contra el covid-19 para toda aquella poblaci\u00f3n que corresponda su vacunacion libre.<\/p>\n\n\n\n<p>Recordamos que podes vacunarte libre para:<\/p>\n\n\n\n<p>&#x2714; 3\u00b0 dosis &#x27a1;&#xfe0f; Mayores de 50 a\u00f1os que hayan transcurrido 4 meses de la \u00faltima dosis. Personal de salud, educaci\u00f3n y seguridad.<br>&#x2714; 2\u00b0 dosis &#x27a1;&#xfe0f; Mayores de 3 a\u00f1os que haya transcurrido 1 mes de su \u00faltima dosis.<br>&#x2714; 1\u00b0 dosis &#x27a1;&#xfe0f; Mayores de 3 a\u00f1os.<\/p>\n","protected":false},"excerpt":{"rendered":"<p>La coordinaci\u00f3n del vacunatorio del Club de Jubilados de San Pedro informa que este Mi\u00e9rcoles 02 de febrero se encontrar\u00e1n en Pueblo Doyle, ubicados en el Club Sportivo Doyle de 9 a 13.00hs, aplicando vacunas contra el covid-19 para toda aquella poblaci\u00f3n que corresponda su vacunacion libre. Recordamos que podes vacunarte libre para: &#x2714; 3\u00b0 [&hellip;]<\/p>\n","protected":false},"author":4,"featured_media":94215,"comment_status":"closed","ping_status":"closed","sticky":false,"template":"","format":"standard","meta":{"om_disable_all_campaigns":false,"_jetpack_memberships_contains_paid_content":false,"footnotes":""},"categories":[101,2],"tags":[197,696,33,19,2646],"class_list":["post-103621","post","type-post","status-publish","format-standard","has-post-thumbnail","hentry","category-interes-general-locales","category-locales","tag-buenos-aires","tag-interes-general","tag-locales","tag-san-pedro","tag-vacunatorio-manana-martes-en-la-localidad-de-pueblo-doyle"],"aioseo_notices":[],"gutentor_comment":0,"jetpack_featured_media_url":"https:\/\/eldiariodesanpedro.com.ar\/sitio\/wp-content\/uploads\/2021\/06\/vacunapjpg.jpg","jetpack_shortlink":"https:\/\/wp.me\/p6RhLt-qXj","jetpack_sharing_enabled":true,"_links":{"self":[{"href":"https:\/\/eldiariodesanpedro.com.ar\/sitio\/wp-json\/wp\/v2\/posts\/103621","targetHints":{"allow":["GET"]}}],"collection":[{"href":"https:\/\/eldiariodesanpedro.com.ar\/sitio\/wp-json\/wp\/v2\/posts"}],"about":[{"href":"https:\/\/eldiariodesanpedro.com.ar\/sitio\/wp-json\/wp\/v2\/types\/post"}],"author":[{"embeddable":true,"href":"https:\/\/eldiariodesanpedro.com.ar\/sitio\/wp-json\/wp\/v2\/users\/4"}],"replies":[{"embeddable":true,"href":"https:\/\/eldiariodesanpedro.com.ar\/sitio\/wp-json\/wp\/v2\/comments?post=103621"}],"version-history":[{"count":1,"href":"https:\/\/eldiariodesanpedro.com.ar\/sitio\/wp-json\/wp\/v2\/posts\/103621\/revisions"}],"predecessor-version":[{"id":103622,"href":"https:\/\/eldiariodesanpedro.com.ar\/sitio\/wp-json\/wp\/v2\/posts\/103621\/revisions\/103622"}],"wp:featuredmedia":[{"embeddable":true,"href":"https:\/\/eldiariodesanpedro.com.ar\/sitio\/wp-json\/wp\/v2\/media\/94215"}],"wp:attachment":[{"href":"https:\/\/eldiariodesanpedro.com.ar\/sitio\/wp-json\/wp\/v2\/media?parent=103621"}],"wp:term":[{"taxonomy":"category","embeddable":true,"href":"https:\/\/eldiariodesanpedro.com.ar\/sitio\/wp-json\/wp\/v2\/categories?post=103621"},{"taxonomy":"post_tag","embeddable":true,"href":"https:\/\/eldiariodesanpedro.com.ar\/sitio\/wp-json\/wp\/v2\/tags?post=103621"}],"curies":[{"name":"wp","href":"https:\/\/api.w.org\/{rel}","templated":true}]}}