{"id":10362,"date":"2016-11-17T18:54:27","date_gmt":"2016-11-17T21:54:27","guid":{"rendered":"https:\/\/eldiariodesanpedro.com.ar\/sitio\/?p=10362"},"modified":"2016-11-17T18:54:27","modified_gmt":"2016-11-17T21:54:27","slug":"un-menor-sufrio-una-fuerte-descarga-electrica-y-se-encuentra-en-grave-estado-en-el-hospital","status":"publish","type":"post","link":"https:\/\/eldiariodesanpedro.com.ar\/sitio\/un-menor-sufrio-una-fuerte-descarga-electrica-y-se-encuentra-en-grave-estado-en-el-hospital\/","title":{"rendered":"Un menor sufri\u00f3 una fuerte descarga el\u00e9ctrica y se encuentra en grave estado en el Hospital"},"content":{"rendered":"<p><!-- VideographyWP Plugin Message: Automatic video embedding prevented by plugin options. --><br \/>\nEl lunes a la ma\u00f1ana ingres\u00f3 a la guardia del Hospital un joven menor de edad de unos 16 a\u00f1os que recibi\u00f3 un shock el\u00e9ctrico. Seg\u00fan se pudo establecer, fue hallado por familiares, luego de que un lavarropas le diera una descarga, y de inmediato se convoc\u00f3 a la ambulancia del Servicio de Emergencias del Hospital.<\/p>\n<p>El profesional m\u00e9dico que lo encontr\u00f3 le practic\u00f3 RCP, puesto que estaba sufriendo un paro card\u00edaco, lo que fue determinante para salvarle la vida. Luego de ello, fue derivado al nosocomio local, donde permanece en Terapia Intensiva. Sin embargo, debido al da\u00f1o neurol\u00f3gico que sufri\u00f3 su estado es grave. Por el momento, se encuentra en coma farmacol\u00f3gico a la espera de su evoluci\u00f3n, pero su estado es sumamente delicado.<\/p>\n","protected":false},"excerpt":{"rendered":"<p>El lunes a la ma\u00f1ana ingres\u00f3 a la guardia del Hospital un joven menor de edad de unos 16 a\u00f1os que recibi\u00f3 un shock el\u00e9ctrico. Seg\u00fan se pudo establecer, fue hallado por familiares, luego de que un lavarropas le diera una descarga, y de inmediato se convoc\u00f3 a la ambulancia del Servicio de Emergencias del [&hellip;]<\/p>\n","protected":false},"author":4,"featured_media":9457,"comment_status":"open","ping_status":"closed","sticky":false,"template":"","format":"standard","meta":{"om_disable_all_campaigns":false,"_jetpack_memberships_contains_paid_content":false,"footnotes":""},"categories":[101,2],"tags":[],"class_list":["post-10362","post","type-post","status-publish","format-standard","has-post-thumbnail","hentry","category-interes-general-locales","category-locales"],"aioseo_notices":[],"gutentor_comment":0,"jetpack_featured_media_url":"https:\/\/eldiariodesanpedro.com.ar\/sitio\/wp-content\/uploads\/2016\/10\/HOSPITAL-subzonal-san-pedro.jpg","jetpack_shortlink":"https:\/\/wp.me\/p6RhLt-2H8","jetpack_sharing_enabled":true,"_links":{"self":[{"href":"https:\/\/eldiariodesanpedro.com.ar\/sitio\/wp-json\/wp\/v2\/posts\/10362","targetHints":{"allow":["GET"]}}],"collection":[{"href":"https:\/\/eldiariodesanpedro.com.ar\/sitio\/wp-json\/wp\/v2\/posts"}],"about":[{"href":"https:\/\/eldiariodesanpedro.com.ar\/sitio\/wp-json\/wp\/v2\/types\/post"}],"author":[{"embeddable":true,"href":"https:\/\/eldiariodesanpedro.com.ar\/sitio\/wp-json\/wp\/v2\/users\/4"}],"replies":[{"embeddable":true,"href":"https:\/\/eldiariodesanpedro.com.ar\/sitio\/wp-json\/wp\/v2\/comments?post=10362"}],"version-history":[{"count":1,"href":"https:\/\/eldiariodesanpedro.com.ar\/sitio\/wp-json\/wp\/v2\/posts\/10362\/revisions"}],"predecessor-version":[{"id":10363,"href":"https:\/\/eldiariodesanpedro.com.ar\/sitio\/wp-json\/wp\/v2\/posts\/10362\/revisions\/10363"}],"wp:featuredmedia":[{"embeddable":true,"href":"https:\/\/eldiariodesanpedro.com.ar\/sitio\/wp-json\/wp\/v2\/media\/9457"}],"wp:attachment":[{"href":"https:\/\/eldiariodesanpedro.com.ar\/sitio\/wp-json\/wp\/v2\/media?parent=10362"}],"wp:term":[{"taxonomy":"category","embeddable":true,"href":"https:\/\/eldiariodesanpedro.com.ar\/sitio\/wp-json\/wp\/v2\/categories?post=10362"},{"taxonomy":"post_tag","embeddable":true,"href":"https:\/\/eldiariodesanpedro.com.ar\/sitio\/wp-json\/wp\/v2\/tags?post=10362"}],"curies":[{"name":"wp","href":"https:\/\/api.w.org\/{rel}","templated":true}]}}