{"id":103618,"date":"2022-01-31T18:56:20","date_gmt":"2022-01-31T21:56:20","guid":{"rendered":"https:\/\/eldiariodesanpedro.com.ar\/sitio\/?p=103618"},"modified":"2022-01-31T18:56:22","modified_gmt":"2022-01-31T21:56:22","slug":"conformada-la-comision-de-fomento-en-los-barrios-polo-y-el-escorial-2","status":"publish","type":"post","link":"https:\/\/eldiariodesanpedro.com.ar\/sitio\/conformada-la-comision-de-fomento-en-los-barrios-polo-y-el-escorial-2\/","title":{"rendered":"Conformada la Comisi\u00f3n de Fomento en los barrios Polo y el Escorial"},"content":{"rendered":"<!-- VideographyWP Plugin Message: Automatic video embedding prevented by plugin options. -->\n\n<p>Durante la semana pasada fue conformada la Comisi\u00f3n de Fomento que representar\u00e1 los barrios Polo y el Escorial luego de mantener una serie de encuentros de los que participaron el Secretario de Coordinaci\u00f3n Hern\u00e1n Contreras junto al Secretario de Seguridad Interino Juan Carlos Ag\u00fcero y la Directora de Comisiones de Fomento In\u00e9s Mario en el marco de los episodios delictivos ocurridos recientemente.<\/p>\n\n\n\n<p>De esta manera, luego de cumplir con los aspectos formales de constituci\u00f3n de la nueva comisi\u00f3n, escuchar sus inquietudes y canalizar algunas de sus necesidades, a trav\u00e9s de la Direcci\u00f3n, los vecinos organizados podr\u00e1n trabajar en conjunto con el municipio para unificar esfuerzos y avanzar en el crecimiento de los barrios.<\/p>\n\n\n\n<p>La comisi\u00f3n qued\u00f3 formada de la siguiente manera: <br>Presidente: Cnokaert Marilina <br>Vicepresidente: Silicani Leonardo <br>Secretario: Al\u00e9 Andrea <br>Prosecretario: Napolitano Marisol <br>Tesorero: Jaime Carlos <br>Protesorero: Bottale Carolina <br>Vocales: Fortunato Nicol\u00e1s, Costilla Pablo, Barrea Laia, Fauro Emilio, Est\u00e9vez Mart\u00edn. <br>Revisor de Cuenta Titular: Gonz\u00e1lez Juan<\/p>\n\n\n\n<p>Adem\u00e1s, contin\u00faan las reuniones en los diferentes barrios de la ciudad, planificando tambi\u00e9n la continuidad del trabajo en las localidades con el objetivo de dinamizar las comisiones que ya vienen funcionando y crear o reactivar las comisiones que por diferentes razones no se vienen reuniendo.<\/p>\n","protected":false},"excerpt":{"rendered":"<p>Durante la semana pasada fue conformada la Comisi\u00f3n de Fomento que representar\u00e1 los barrios Polo y el Escorial luego de mantener una serie de encuentros de los que participaron el Secretario de Coordinaci\u00f3n Hern\u00e1n Contreras junto al Secretario de Seguridad Interino Juan Carlos Ag\u00fcero y la Directora de Comisiones de Fomento In\u00e9s Mario en el [&hellip;]<\/p>\n","protected":false},"author":4,"featured_media":103616,"comment_status":"closed","ping_status":"closed","sticky":false,"template":"","format":"standard","meta":{"om_disable_all_campaigns":false,"_jetpack_memberships_contains_paid_content":false,"footnotes":""},"categories":[101,2],"tags":[197,696,33,19],"class_list":["post-103618","post","type-post","status-publish","format-standard","has-post-thumbnail","hentry","category-interes-general-locales","category-locales","tag-buenos-aires","tag-interes-general","tag-locales","tag-san-pedro"],"aioseo_notices":[],"gutentor_comment":0,"jetpack_featured_media_url":"https:\/\/eldiariodesanpedro.com.ar\/sitio\/wp-content\/uploads\/2022\/01\/WhatsApp-Image-2022-01-31-at-13.35.48.jpeg","jetpack_shortlink":"https:\/\/wp.me\/p6RhLt-qXg","jetpack_sharing_enabled":true,"_links":{"self":[{"href":"https:\/\/eldiariodesanpedro.com.ar\/sitio\/wp-json\/wp\/v2\/posts\/103618","targetHints":{"allow":["GET"]}}],"collection":[{"href":"https:\/\/eldiariodesanpedro.com.ar\/sitio\/wp-json\/wp\/v2\/posts"}],"about":[{"href":"https:\/\/eldiariodesanpedro.com.ar\/sitio\/wp-json\/wp\/v2\/types\/post"}],"author":[{"embeddable":true,"href":"https:\/\/eldiariodesanpedro.com.ar\/sitio\/wp-json\/wp\/v2\/users\/4"}],"replies":[{"embeddable":true,"href":"https:\/\/eldiariodesanpedro.com.ar\/sitio\/wp-json\/wp\/v2\/comments?post=103618"}],"version-history":[{"count":1,"href":"https:\/\/eldiariodesanpedro.com.ar\/sitio\/wp-json\/wp\/v2\/posts\/103618\/revisions"}],"predecessor-version":[{"id":103620,"href":"https:\/\/eldiariodesanpedro.com.ar\/sitio\/wp-json\/wp\/v2\/posts\/103618\/revisions\/103620"}],"wp:featuredmedia":[{"embeddable":true,"href":"https:\/\/eldiariodesanpedro.com.ar\/sitio\/wp-json\/wp\/v2\/media\/103616"}],"wp:attachment":[{"href":"https:\/\/eldiariodesanpedro.com.ar\/sitio\/wp-json\/wp\/v2\/media?parent=103618"}],"wp:term":[{"taxonomy":"category","embeddable":true,"href":"https:\/\/eldiariodesanpedro.com.ar\/sitio\/wp-json\/wp\/v2\/categories?post=103618"},{"taxonomy":"post_tag","embeddable":true,"href":"https:\/\/eldiariodesanpedro.com.ar\/sitio\/wp-json\/wp\/v2\/tags?post=103618"}],"curies":[{"name":"wp","href":"https:\/\/api.w.org\/{rel}","templated":true}]}}