{"id":103604,"date":"2022-01-31T12:17:50","date_gmt":"2022-01-31T15:17:50","guid":{"rendered":"https:\/\/eldiariodesanpedro.com.ar\/sitio\/?p=103604"},"modified":"2022-01-31T12:17:51","modified_gmt":"2022-01-31T15:17:51","slug":"las-clases-comenzaran-el-2-de-marzo-y-seran-con-presencialidad-total-en-la-provincia-de-buenos-aires","status":"publish","type":"post","link":"https:\/\/eldiariodesanpedro.com.ar\/sitio\/las-clases-comenzaran-el-2-de-marzo-y-seran-con-presencialidad-total-en-la-provincia-de-buenos-aires\/","title":{"rendered":"Las clases comenzar\u00e1n el 2 de marzo y ser\u00e1n con presencialidad total en la provincia de Buenos Aires"},"content":{"rendered":"<!-- VideographyWP Plugin Message: Automatic video embedding prevented by plugin options. -->\n\n<p>Mediante la Direcci\u00f3n General de Cultura y Educaci\u00f3n, el Gobierno de la Provincia de Buenos Aires aprob\u00f3 el Calendario Escolar 2022 para volver a las clases.<a href=\"https:\/\/media.infocielo.com\/p\/1e81c212bf75d929b1e94e14340a0598\/adjuntos\/299\/imagenes\/001\/357\/0001357865\/887x0\/smart\/clases-calendario-escolarjpg.jpg\"><\/a><\/p>\n\n\n\n<p>A trav\u00e9s de la Resoluci\u00f3n de firma conjunta N\u00b0 34\/2022, desde el\u00a0<strong>Gobierno de la\u00a0<a href=\"https:\/\/infocielo.com\/provincia-a60\">Provincia<\/a>\u00a0de Buenos Aires<\/strong>\u00a0aprobaron la vuelta a las\u00a0<strong>clases<\/strong>\u00a0mediante\u00a0<strong>\u00abel\u00a0<a href=\"https:\/\/infocielo.com\/calendario-escolar-a27317\">Calendario Escolar<\/a>\u00a02022 para todos los niveles, ciclos y modalidades de la educaci\u00f3n, en los servicios dependientes de la Direcci\u00f3n General de Cultura y Educaci\u00f3n, con intervenci\u00f3n del Consejo General de Cultura y Educaci\u00f3n\u00bb<\/strong>.<\/p>\n\n\n\n<p>Con la vuelta a las aulas, si bien la Ley N\u00ba 25.864 fij\u00f3 un ciclolectivo anual m\u00ednimo de 180 d\u00edas efectivos de clases, para los establecimientos educativos de todo el pa\u00eds, en los considerandos se cit\u00f3 que\u00a0<strong>\u00abla asamblea de Ministros ha acordado por RCF 405 \/21 del 22 de octubre de 2021 la extensi\u00f3n del ciclo lectivo 2022, a 190 d\u00edas de clases efectivos ante el escenario excepcional en la historia del Sistema Educativo Nacional, como consecuencia del escenario provocado por la pandemia COVID-19\u00bb<\/strong>.<\/p>\n\n\n\n<p><strong>\u00abDebido al avance sostenido en la vacunaci\u00f3n de la poblaci\u00f3n y el mejoramiento de las condiciones sanitarias en el pa\u00eds, en el seno del Consejo Federal de Educaci\u00f3n, la Asamblea de Ministros acuerda por Resoluci\u00f3n CFE 404\/2021 recomendar el retorno a la presencialidad plena en el Sistema Educativo Nacional para todos los establecimientos educativos contemplados en la Ley de Educaci\u00f3n Nacional N\u00b0 26.206 y toda medida en la materia definida por cada jurisdicci\u00f3n\u00bb<\/strong>, rez\u00f3 otro de los fundamentos de la Resoluci\u00f3n de firma conjunta que perme\u00f3 no solo la aprobaci\u00f3n del calendario escolar sino que, tambi\u00e9n corrobor\u00f3 el regreso a las clases en las aulas a partir del 2 de marzo.<\/p>\n\n\n\n<p>Desde la Direcci\u00f3n General de Cultura y Educaci\u00f3n (DGCyE) de la Provincia de Buenos Aires, dirigida por&nbsp;<strong>Alberto Sileoni<\/strong>, en el Art\u00edculo 1\u00b0 de la norma, se descubri\u00f3&nbsp;<strong>\u00abel Cronograma de Iniciaci\u00f3n, Receso de Invierno y Finalizaci\u00f3n del Ciclo Lectivo\u00bb<\/strong>.&nbsp;Luego, en el 2\u00b0, se seguir\u00e1n los criterios descritos del anterior que consta de:<\/p>\n\n\n\n<ol class=\"wp-block-list\"><li>\u00a0El cumplimiento de lo establecido en el art\u00edculo 1\u00b0 de la presente, de un ciclo lectivo anual m\u00ednimo de CIENTO NOVENTA (190) d\u00edas efectivos de clase con d\u00edas y horas adicionales.<\/li><li>\u00a0El retorno a la presencialidad plena y cuidada conforme lo mejorado por Resoluci\u00f3n CFE N\u00ba 404\/21 y reglamentaciones en tal sentido de la DGCyE.<\/li><li>\u00a0El cumplimiento de las acciones previstas en la Resoluci\u00f3n de la DGCyE 2905\/21 contemplando formas de organizaci\u00f3n y funcionamiento adecuado a las necesidades que plantea sen a partir de los programas de recuperaci\u00f3n de tiempos y saberes.<\/li><\/ol>\n\n\n\n<p><\/p>\n","protected":false},"excerpt":{"rendered":"<p>Mediante la Direcci\u00f3n General de Cultura y Educaci\u00f3n, el Gobierno de la Provincia de Buenos Aires aprob\u00f3 el Calendario Escolar 2022 para volver a las clases. A trav\u00e9s de la Resoluci\u00f3n de firma conjunta N\u00b0 34\/2022, desde el\u00a0Gobierno de la\u00a0Provincia\u00a0de Buenos Aires\u00a0aprobaron la vuelta a las\u00a0clases\u00a0mediante\u00a0\u00abel\u00a0Calendario Escolar\u00a02022 para todos los niveles, ciclos y modalidades de [&hellip;]<\/p>\n","protected":false},"author":4,"featured_media":103605,"comment_status":"closed","ping_status":"closed","sticky":false,"template":"","format":"standard","meta":{"om_disable_all_campaigns":false,"_jetpack_memberships_contains_paid_content":false,"footnotes":""},"categories":[50,101,2],"tags":[197,696,2644,33,19],"class_list":["post-103604","post","type-post","status-publish","format-standard","has-post-thumbnail","hentry","category-destacadas","category-interes-general-locales","category-locales","tag-buenos-aires","tag-interes-general","tag-las-clases-comenzaran-el-2-de-marzo-y-seran-con-presencialidad-total-en-la-provincia-de-buenos-aires","tag-locales","tag-san-pedro"],"aioseo_notices":[],"gutentor_comment":0,"jetpack_featured_media_url":"https:\/\/eldiariodesanpedro.com.ar\/sitio\/wp-content\/uploads\/2022\/01\/clases-calendario-escolarjpg.jpg","jetpack_shortlink":"https:\/\/wp.me\/p6RhLt-qX2","jetpack_sharing_enabled":true,"_links":{"self":[{"href":"https:\/\/eldiariodesanpedro.com.ar\/sitio\/wp-json\/wp\/v2\/posts\/103604","targetHints":{"allow":["GET"]}}],"collection":[{"href":"https:\/\/eldiariodesanpedro.com.ar\/sitio\/wp-json\/wp\/v2\/posts"}],"about":[{"href":"https:\/\/eldiariodesanpedro.com.ar\/sitio\/wp-json\/wp\/v2\/types\/post"}],"author":[{"embeddable":true,"href":"https:\/\/eldiariodesanpedro.com.ar\/sitio\/wp-json\/wp\/v2\/users\/4"}],"replies":[{"embeddable":true,"href":"https:\/\/eldiariodesanpedro.com.ar\/sitio\/wp-json\/wp\/v2\/comments?post=103604"}],"version-history":[{"count":1,"href":"https:\/\/eldiariodesanpedro.com.ar\/sitio\/wp-json\/wp\/v2\/posts\/103604\/revisions"}],"predecessor-version":[{"id":103606,"href":"https:\/\/eldiariodesanpedro.com.ar\/sitio\/wp-json\/wp\/v2\/posts\/103604\/revisions\/103606"}],"wp:featuredmedia":[{"embeddable":true,"href":"https:\/\/eldiariodesanpedro.com.ar\/sitio\/wp-json\/wp\/v2\/media\/103605"}],"wp:attachment":[{"href":"https:\/\/eldiariodesanpedro.com.ar\/sitio\/wp-json\/wp\/v2\/media?parent=103604"}],"wp:term":[{"taxonomy":"category","embeddable":true,"href":"https:\/\/eldiariodesanpedro.com.ar\/sitio\/wp-json\/wp\/v2\/categories?post=103604"},{"taxonomy":"post_tag","embeddable":true,"href":"https:\/\/eldiariodesanpedro.com.ar\/sitio\/wp-json\/wp\/v2\/tags?post=103604"}],"curies":[{"name":"wp","href":"https:\/\/api.w.org\/{rel}","templated":true}]}}