{"id":103601,"date":"2022-01-31T12:12:46","date_gmt":"2022-01-31T15:12:46","guid":{"rendered":"https:\/\/eldiariodesanpedro.com.ar\/sitio\/?p=103601"},"modified":"2022-01-31T12:12:48","modified_gmt":"2022-01-31T15:12:48","slug":"inseguridad-en-el-campo-los-vecinos-comunes-no-tenemos-derecho","status":"publish","type":"post","link":"https:\/\/eldiariodesanpedro.com.ar\/sitio\/inseguridad-en-el-campo-los-vecinos-comunes-no-tenemos-derecho\/","title":{"rendered":"Inseguridad en el campo: \u00ablos vecinos \u00abcomunes\u00bb no tenemos derecho\u00bb"},"content":{"rendered":"<!-- VideographyWP Plugin Message: Automatic video embedding prevented by plugin options. -->\n\n<p>La secuencia de hechos delictivos acontecidos en la zona rural siguen generando malestar en quienes habitan en el campo. Lo sucedido con el empresario Oscar Andreani y el r\u00e1pido accionar de la justicia provoc\u00f3 la reacci\u00f3n de distintos vecinos que sienten que no se los trata de la misma manera.<\/p>\n\n\n\n<p>Mediante una nota, Oscar Ferreras, un vecino de la zona rural, expres\u00f3 lo que se siente en esta etapa de tantos hechos de inseguridad y c\u00f3mo ha tratado la justicia a cada uno de ellos dependiendo a quien afecta, al menos esa es la sensaci\u00f3n que en el sector se tiene.<\/p>\n\n\n\n<p>CARTA DE LECTORES<br><em>Estimado Eduardo, quer\u00eda comentarte algo no muy novedoso en estos tiempos en San Pedro LA INSEGURIDAD, aqu\u00ed en zona rural estamos abandonados a la buena de dios \u2026<br>Todos los dias hay robos e intentos de robo, dias pasados vimos el triste episodio ocurrido a Oscar Andreani, y salto en los medios nacionales por ser un empresario importante, se movilizaron 200 polic\u00edas y hay 9 arrestos en pocos dias. Obvio nos solidarizamos con lo que le pas\u00f3 al Sr Andreani que debi\u00f3 ser una terrible experiencia para \u00e9l y su Familia. Pero esto me lleva a una pregunta.. porque los vecinos \u00abcomunes\u00bb no tenemos derecho a este tipo de asistencia y seguridad por parte de la justicia y la polic\u00eda, ES SOLO PARA GENTE IMPORTANTE la seguridad en san pedro? <br>En zona rural ocurrieron robos a mano armada con violencia para los damnificados, y no vimos esa movilizaci\u00f3n policial y de la justicia para esclarecerlos. <br>Hace 22 a\u00f1os que estamos en esta zona de la Buena Moza, y durante muchos a\u00f1os tuvimos seguridad, la patrulla rural recorr\u00eda dia y noche la zona, incluso entraban en los campos a charlar con los vecinos, nos ped\u00edan dejar las tranqueras abiertas para que ellos en la madrugada entraran a recorrer los campos. <br>Todo esto hace A\u00d1OS que no pasa &#8211; no se ve una patrulla en tareas de prevenci\u00f3n ni por casualidad.<br>Seguro dicen que no hay recursos etc etc, pero m\u00e1s que recursos no hay VOLUNTAD de hacer las cosas recuerdo en unas de las tantas crisis Argentas&#8230; un comisario de la rural con vocaci\u00f3n de servicio nos dijo no nos dan plata para gas oil. <br>Y \u00e9l mismo organiz\u00f3 que los vecinos que quer\u00edamos colaborar pagamos en la estaci\u00f3n de servicio directamente litros de gas oil para que lo usen en prevenci\u00f3n. Para evitar suspicacias que el dinero ten\u00eda ese objetivo. <br>Sin recursos pero con ganas, voluntad y vocaci\u00f3n de servicio se puede hacer mucho. <br>Los vecinos estamos para colaborar con la polic\u00eda. <br>Por favor necesitamos seguridad para nuestras familias, aunque no seamos empresarios importantes pagamos los impuestos y no merecemos quedar abandonados a merced de los delincuentes. <br>Tenemos que organizar patrullas armadas de vecinos ?, no creo que sea la soluci\u00f3n. <br>pero tampoco nos podemos dejar hacer lo que nos est\u00e1n haciendo los delincuentes.<\/em><\/p>\n\n\n\n<p>Fuente: <a href=\"https:\/\/www.sanpedroinforma.com.ar\/news-124752-inseguridad-en-el-campo-los-vecinos-comunes-no-tenemos-derecho\">San Pedro Informa<\/a><\/p>\n","protected":false},"excerpt":{"rendered":"<p>La secuencia de hechos delictivos acontecidos en la zona rural siguen generando malestar en quienes habitan en el campo. Lo sucedido con el empresario Oscar Andreani y el r\u00e1pido accionar de la justicia provoc\u00f3 la reacci\u00f3n de distintos vecinos que sienten que no se los trata de la misma manera. Mediante una nota, Oscar Ferreras, [&hellip;]<\/p>\n","protected":false},"author":4,"featured_media":103602,"comment_status":"closed","ping_status":"closed","sticky":false,"template":"","format":"standard","meta":{"om_disable_all_campaigns":false,"_jetpack_memberships_contains_paid_content":false,"footnotes":""},"categories":[50,101,2],"tags":[197,2643,696,33,19],"class_list":["post-103601","post","type-post","status-publish","format-standard","has-post-thumbnail","hentry","category-destacadas","category-interes-general-locales","category-locales","tag-buenos-aires","tag-inseguridad-en-el-campo-los-vecinos-comunes-no-tenemos-derecho","tag-interes-general","tag-locales","tag-san-pedro"],"aioseo_notices":[],"gutentor_comment":0,"jetpack_featured_media_url":"https:\/\/eldiariodesanpedro.com.ar\/sitio\/wp-content\/uploads\/2022\/01\/0000020660-resized-1920x1080-1.jpg","jetpack_shortlink":"https:\/\/wp.me\/p6RhLt-qWZ","jetpack_sharing_enabled":true,"_links":{"self":[{"href":"https:\/\/eldiariodesanpedro.com.ar\/sitio\/wp-json\/wp\/v2\/posts\/103601","targetHints":{"allow":["GET"]}}],"collection":[{"href":"https:\/\/eldiariodesanpedro.com.ar\/sitio\/wp-json\/wp\/v2\/posts"}],"about":[{"href":"https:\/\/eldiariodesanpedro.com.ar\/sitio\/wp-json\/wp\/v2\/types\/post"}],"author":[{"embeddable":true,"href":"https:\/\/eldiariodesanpedro.com.ar\/sitio\/wp-json\/wp\/v2\/users\/4"}],"replies":[{"embeddable":true,"href":"https:\/\/eldiariodesanpedro.com.ar\/sitio\/wp-json\/wp\/v2\/comments?post=103601"}],"version-history":[{"count":1,"href":"https:\/\/eldiariodesanpedro.com.ar\/sitio\/wp-json\/wp\/v2\/posts\/103601\/revisions"}],"predecessor-version":[{"id":103603,"href":"https:\/\/eldiariodesanpedro.com.ar\/sitio\/wp-json\/wp\/v2\/posts\/103601\/revisions\/103603"}],"wp:featuredmedia":[{"embeddable":true,"href":"https:\/\/eldiariodesanpedro.com.ar\/sitio\/wp-json\/wp\/v2\/media\/103602"}],"wp:attachment":[{"href":"https:\/\/eldiariodesanpedro.com.ar\/sitio\/wp-json\/wp\/v2\/media?parent=103601"}],"wp:term":[{"taxonomy":"category","embeddable":true,"href":"https:\/\/eldiariodesanpedro.com.ar\/sitio\/wp-json\/wp\/v2\/categories?post=103601"},{"taxonomy":"post_tag","embeddable":true,"href":"https:\/\/eldiariodesanpedro.com.ar\/sitio\/wp-json\/wp\/v2\/tags?post=103601"}],"curies":[{"name":"wp","href":"https:\/\/api.w.org\/{rel}","templated":true}]}}