{"id":103598,"date":"2022-01-31T12:05:49","date_gmt":"2022-01-31T15:05:49","guid":{"rendered":"https:\/\/eldiariodesanpedro.com.ar\/sitio\/?p=103598"},"modified":"2022-01-31T12:05:50","modified_gmt":"2022-01-31T15:05:50","slug":"les-danaron-la-tranquera-e-intentaron-robar-los-caballos","status":"publish","type":"post","link":"https:\/\/eldiariodesanpedro.com.ar\/sitio\/les-danaron-la-tranquera-e-intentaron-robar-los-caballos\/","title":{"rendered":"Les da\u00f1aron la tranquera e intentaron robar los caballos"},"content":{"rendered":"<!-- VideographyWP Plugin Message: Automatic video embedding prevented by plugin options. -->\n\n<p>Personas desconocidas pretendieron llevarse los animales de una familia que habita sobre la Ruta Km 166. Finalmente los malvivientes no lograron su cometido pero la preocupaci\u00f3n entre los vecinos cada vez es mayor.<\/p>\n\n\n\n<p>a inseguridad en los campos aumenta d\u00eda a d\u00eda y una vez m\u00e1s una familia que vive sobre el kil\u00f3metro 166 de la Ruta 9 fue v\u00edctima de un hecho que en definitiva no lleg\u00f3 a concretarse pero porque los damnificados sostienen que regresaron cuando los delincuentes todav\u00eda estaban en el interior del lugar.<\/p>\n\n\n\n<p>Fue el viernes cuando los propietarios de la casa hab\u00eda salido y al regresar, cerca de las 22 horas se encontraron con la tranquera quebrada al medio y los 4 caballos de la familia afuera del corral.<\/p>\n\n\n\n<p>Al arribar advirtieron que algo estaba mal porque los perros estaban adelante de la casa y pudieron observar que dos caballos estaban sueltos en el parque y otros dos se encontraban en el campo de soja.<\/p>\n\n\n\n<p>Las propias victimas advirtieron que los malvivientes aun permanec\u00edan en el predio porque en un determinado momento comenzaron a sentir el t\u00edpico olor a marihuana, es decir que estaban cerca.<\/p>\n\n\n\n<p>Tambi\u00e9n recordaron que hace poco m\u00e1s de un mes les robaron unas ovejas y les abrieron todas las canillas del parque que en cuesti\u00f3n de minutos qued\u00f3 totalmente inundado.<\/p>\n\n\n\n<p>Fuente: <a href=\"https:\/\/www.sanpedroinforma.com.ar\/news-124753-les-da%C3%B1aron-la-tranquera-e-intentaron-robar-los-caballos\">San Pedro Informa<\/a><\/p>\n","protected":false},"excerpt":{"rendered":"<p>Personas desconocidas pretendieron llevarse los animales de una familia que habita sobre la Ruta Km 166. Finalmente los malvivientes no lograron su cometido pero la preocupaci\u00f3n entre los vecinos cada vez es mayor. a inseguridad en los campos aumenta d\u00eda a d\u00eda y una vez m\u00e1s una familia que vive sobre el kil\u00f3metro 166 de [&hellip;]<\/p>\n","protected":false},"author":4,"featured_media":103599,"comment_status":"closed","ping_status":"closed","sticky":false,"template":"","format":"standard","meta":{"om_disable_all_campaigns":false,"_jetpack_memberships_contains_paid_content":false,"footnotes":""},"categories":[50,2,103],"tags":[197,696,33,19],"class_list":["post-103598","post","type-post","status-publish","format-standard","has-post-thumbnail","hentry","category-destacadas","category-locales","category-policiales-locales","tag-buenos-aires","tag-interes-general","tag-locales","tag-san-pedro"],"aioseo_notices":[],"gutentor_comment":0,"jetpack_featured_media_url":"https:\/\/eldiariodesanpedro.com.ar\/sitio\/wp-content\/uploads\/2022\/01\/0000020661-resized-1920x1080-1.jpeg","jetpack_shortlink":"https:\/\/wp.me\/p6RhLt-qWW","jetpack_sharing_enabled":true,"_links":{"self":[{"href":"https:\/\/eldiariodesanpedro.com.ar\/sitio\/wp-json\/wp\/v2\/posts\/103598","targetHints":{"allow":["GET"]}}],"collection":[{"href":"https:\/\/eldiariodesanpedro.com.ar\/sitio\/wp-json\/wp\/v2\/posts"}],"about":[{"href":"https:\/\/eldiariodesanpedro.com.ar\/sitio\/wp-json\/wp\/v2\/types\/post"}],"author":[{"embeddable":true,"href":"https:\/\/eldiariodesanpedro.com.ar\/sitio\/wp-json\/wp\/v2\/users\/4"}],"replies":[{"embeddable":true,"href":"https:\/\/eldiariodesanpedro.com.ar\/sitio\/wp-json\/wp\/v2\/comments?post=103598"}],"version-history":[{"count":1,"href":"https:\/\/eldiariodesanpedro.com.ar\/sitio\/wp-json\/wp\/v2\/posts\/103598\/revisions"}],"predecessor-version":[{"id":103600,"href":"https:\/\/eldiariodesanpedro.com.ar\/sitio\/wp-json\/wp\/v2\/posts\/103598\/revisions\/103600"}],"wp:featuredmedia":[{"embeddable":true,"href":"https:\/\/eldiariodesanpedro.com.ar\/sitio\/wp-json\/wp\/v2\/media\/103599"}],"wp:attachment":[{"href":"https:\/\/eldiariodesanpedro.com.ar\/sitio\/wp-json\/wp\/v2\/media?parent=103598"}],"wp:term":[{"taxonomy":"category","embeddable":true,"href":"https:\/\/eldiariodesanpedro.com.ar\/sitio\/wp-json\/wp\/v2\/categories?post=103598"},{"taxonomy":"post_tag","embeddable":true,"href":"https:\/\/eldiariodesanpedro.com.ar\/sitio\/wp-json\/wp\/v2\/tags?post=103598"}],"curies":[{"name":"wp","href":"https:\/\/api.w.org\/{rel}","templated":true}]}}