{"id":103596,"date":"2022-01-31T11:28:33","date_gmt":"2022-01-31T14:28:33","guid":{"rendered":"https:\/\/eldiariodesanpedro.com.ar\/sitio\/?p=103596"},"modified":"2022-01-31T11:28:35","modified_gmt":"2022-01-31T14:28:35","slug":"dos-denuncia-por-hurto-este-fin-de-semana","status":"publish","type":"post","link":"https:\/\/eldiariodesanpedro.com.ar\/sitio\/dos-denuncia-por-hurto-este-fin-de-semana\/","title":{"rendered":"Dos denuncia por hurto este fin de semana"},"content":{"rendered":"<!-- VideographyWP Plugin Message: Automatic video embedding prevented by plugin options. -->\n\n<p>Este s\u00e1bado siendo las 22 horas se recibi\u00f3 la denuncia de una mujer de 35 a\u00f1os de edad, que promediando las 20:30 horas se retira de su vivienda de la calle Honorio Pueyrred\u00f3n al 1900. Regresando aproximadamente las 21 hs constatando que ignorados sin causar da\u00f1os le sustraen un celular.&nbsp;<\/p>\n\n\n\n<p>Este domingo un masculino mayor de edad denunci\u00f3 en la comisar\u00eda la sustracci\u00f3n de una motocicleta. Se investiga con intervenci\u00f3n de la fiscal\u00eda local en turno.<\/p>\n","protected":false},"excerpt":{"rendered":"<p>Este s\u00e1bado siendo las 22 horas se recibi\u00f3 la denuncia de una mujer de 35 a\u00f1os de edad, que promediando las 20:30 horas se retira de su vivienda de la calle Honorio Pueyrred\u00f3n al 1900. Regresando aproximadamente las 21 hs constatando que ignorados sin causar da\u00f1os le sustraen un celular.&nbsp; Este domingo un masculino mayor [&hellip;]<\/p>\n","protected":false},"author":4,"featured_media":78843,"comment_status":"closed","ping_status":"closed","sticky":false,"template":"","format":"standard","meta":{"om_disable_all_campaigns":false,"_jetpack_memberships_contains_paid_content":false,"footnotes":""},"categories":[2,103],"tags":[197,2642,33,95,19],"class_list":["post-103596","post","type-post","status-publish","format-standard","has-post-thumbnail","hentry","category-locales","category-policiales-locales","tag-buenos-aires","tag-dos-denuncia-por-hurto-este-fin-de-semana","tag-locales","tag-policiales","tag-san-pedro"],"aioseo_notices":[],"gutentor_comment":0,"jetpack_featured_media_url":"https:\/\/eldiariodesanpedro.com.ar\/sitio\/wp-content\/uploads\/2020\/08\/0.jpg","jetpack_shortlink":"https:\/\/wp.me\/p6RhLt-qWU","jetpack_sharing_enabled":true,"_links":{"self":[{"href":"https:\/\/eldiariodesanpedro.com.ar\/sitio\/wp-json\/wp\/v2\/posts\/103596","targetHints":{"allow":["GET"]}}],"collection":[{"href":"https:\/\/eldiariodesanpedro.com.ar\/sitio\/wp-json\/wp\/v2\/posts"}],"about":[{"href":"https:\/\/eldiariodesanpedro.com.ar\/sitio\/wp-json\/wp\/v2\/types\/post"}],"author":[{"embeddable":true,"href":"https:\/\/eldiariodesanpedro.com.ar\/sitio\/wp-json\/wp\/v2\/users\/4"}],"replies":[{"embeddable":true,"href":"https:\/\/eldiariodesanpedro.com.ar\/sitio\/wp-json\/wp\/v2\/comments?post=103596"}],"version-history":[{"count":1,"href":"https:\/\/eldiariodesanpedro.com.ar\/sitio\/wp-json\/wp\/v2\/posts\/103596\/revisions"}],"predecessor-version":[{"id":103597,"href":"https:\/\/eldiariodesanpedro.com.ar\/sitio\/wp-json\/wp\/v2\/posts\/103596\/revisions\/103597"}],"wp:featuredmedia":[{"embeddable":true,"href":"https:\/\/eldiariodesanpedro.com.ar\/sitio\/wp-json\/wp\/v2\/media\/78843"}],"wp:attachment":[{"href":"https:\/\/eldiariodesanpedro.com.ar\/sitio\/wp-json\/wp\/v2\/media?parent=103596"}],"wp:term":[{"taxonomy":"category","embeddable":true,"href":"https:\/\/eldiariodesanpedro.com.ar\/sitio\/wp-json\/wp\/v2\/categories?post=103596"},{"taxonomy":"post_tag","embeddable":true,"href":"https:\/\/eldiariodesanpedro.com.ar\/sitio\/wp-json\/wp\/v2\/tags?post=103596"}],"curies":[{"name":"wp","href":"https:\/\/api.w.org\/{rel}","templated":true}]}}