{"id":103592,"date":"2022-01-31T11:22:19","date_gmt":"2022-01-31T14:22:19","guid":{"rendered":"https:\/\/eldiariodesanpedro.com.ar\/sitio\/?p=103592"},"modified":"2022-01-31T11:22:20","modified_gmt":"2022-01-31T14:22:20","slug":"un-ciudadano-se-quito-la-vida-en-la-madrugada-del-domingo","status":"publish","type":"post","link":"https:\/\/eldiariodesanpedro.com.ar\/sitio\/un-ciudadano-se-quito-la-vida-en-la-madrugada-del-domingo\/","title":{"rendered":"Un ciudadano se quit\u00f3 la vida en la madrugada del domingo"},"content":{"rendered":"<!-- VideographyWP Plugin Message: Automatic video embedding prevented by plugin options. -->\n\n<p>El personal policail de la comisaria local tuvo que intervenir en la madrugada de este domingo en un hecho de suicidio en Calle Hermano Indio al 900.&nbsp;<\/p>\n\n\n\n<p>Se investiga que la v\u00edctima se quit\u00f3 la vida al interior de la vivienda siendo hallado por sus familiares, siendo reconocido por un masculino de 32 a\u00f1os de edad.&nbsp;<\/p>\n\n\n\n<p>Intervenci\u00f3n de fiscal\u00eda local.<\/p>\n","protected":false},"excerpt":{"rendered":"<p>El personal policail de la comisaria local tuvo que intervenir en la madrugada de este domingo en un hecho de suicidio en Calle Hermano Indio al 900.&nbsp; Se investiga que la v\u00edctima se quit\u00f3 la vida al interior de la vivienda siendo hallado por sus familiares, siendo reconocido por un masculino de 32 a\u00f1os de [&hellip;]<\/p>\n","protected":false},"author":4,"featured_media":103593,"comment_status":"closed","ping_status":"closed","sticky":false,"template":"","format":"standard","meta":{"om_disable_all_campaigns":false,"_jetpack_memberships_contains_paid_content":false,"footnotes":""},"categories":[2,103],"tags":[197,33,95,19],"class_list":["post-103592","post","type-post","status-publish","format-standard","has-post-thumbnail","hentry","category-locales","category-policiales-locales","tag-buenos-aires","tag-locales","tag-policiales","tag-san-pedro"],"aioseo_notices":[],"gutentor_comment":0,"jetpack_featured_media_url":"https:\/\/eldiariodesanpedro.com.ar\/sitio\/wp-content\/uploads\/2022\/01\/20180206005114_junin.jpg","jetpack_shortlink":"https:\/\/wp.me\/p6RhLt-qWQ","jetpack_sharing_enabled":true,"_links":{"self":[{"href":"https:\/\/eldiariodesanpedro.com.ar\/sitio\/wp-json\/wp\/v2\/posts\/103592","targetHints":{"allow":["GET"]}}],"collection":[{"href":"https:\/\/eldiariodesanpedro.com.ar\/sitio\/wp-json\/wp\/v2\/posts"}],"about":[{"href":"https:\/\/eldiariodesanpedro.com.ar\/sitio\/wp-json\/wp\/v2\/types\/post"}],"author":[{"embeddable":true,"href":"https:\/\/eldiariodesanpedro.com.ar\/sitio\/wp-json\/wp\/v2\/users\/4"}],"replies":[{"embeddable":true,"href":"https:\/\/eldiariodesanpedro.com.ar\/sitio\/wp-json\/wp\/v2\/comments?post=103592"}],"version-history":[{"count":1,"href":"https:\/\/eldiariodesanpedro.com.ar\/sitio\/wp-json\/wp\/v2\/posts\/103592\/revisions"}],"predecessor-version":[{"id":103595,"href":"https:\/\/eldiariodesanpedro.com.ar\/sitio\/wp-json\/wp\/v2\/posts\/103592\/revisions\/103595"}],"wp:featuredmedia":[{"embeddable":true,"href":"https:\/\/eldiariodesanpedro.com.ar\/sitio\/wp-json\/wp\/v2\/media\/103593"}],"wp:attachment":[{"href":"https:\/\/eldiariodesanpedro.com.ar\/sitio\/wp-json\/wp\/v2\/media?parent=103592"}],"wp:term":[{"taxonomy":"category","embeddable":true,"href":"https:\/\/eldiariodesanpedro.com.ar\/sitio\/wp-json\/wp\/v2\/categories?post=103592"},{"taxonomy":"post_tag","embeddable":true,"href":"https:\/\/eldiariodesanpedro.com.ar\/sitio\/wp-json\/wp\/v2\/tags?post=103592"}],"curies":[{"name":"wp","href":"https:\/\/api.w.org\/{rel}","templated":true}]}}