{"id":103588,"date":"2022-01-31T11:01:52","date_gmt":"2022-01-31T14:01:52","guid":{"rendered":"https:\/\/eldiariodesanpedro.com.ar\/sitio\/?p=103588"},"modified":"2022-01-31T11:01:54","modified_gmt":"2022-01-31T14:01:54","slug":"una-mujer-muy-alterada-con-un-cuchillo-ataco-a-una-joven-y-a-otro-masculino","status":"publish","type":"post","link":"https:\/\/eldiariodesanpedro.com.ar\/sitio\/una-mujer-muy-alterada-con-un-cuchillo-ataco-a-una-joven-y-a-otro-masculino\/","title":{"rendered":"Una mujer muy alterada con un cuchillo atac\u00f3 a una joven y a otro masculino"},"content":{"rendered":"<!-- VideographyWP Plugin Message: Automatic video embedding prevented by plugin options. -->\n\n<p>Este domingo en horas de la tarde se hace presente m\u00f3vil policial en calle 11 de Septiembre y calle Bozzano barrio 104 viviendas, tras recibir llamado de un vecino que alertaba de mujer quien portaba un arma blanca en estado de agresividad.&nbsp;<\/p>\n\n\n\n<p>La polic\u00eda constata agresora hab\u00eda lesionado otra mujer de 19 a\u00f1os que intentaba arremeter contra un ciudadano que intent\u00f3 defender a la v\u00edctima al que amenazaba y corr\u00eda para matarlo interviniendo personal policial que debi\u00f3 reducirla con disparo de escopeta munici\u00f3n antitumulto cuando lejos de cesar con su actitud antes las \u00f3rdenes impartidas, se abalanz\u00f3 sobre los oficiales de la comisar\u00eda para agredirlos con dicha arma blanca.&nbsp;<\/p>\n\n\n\n<p>Ya reducida fue aprehendida resultando mujer de 19 a\u00f1os con m\u00faltiples antecedentes, la mujer v\u00edctima present\u00f3 lesiones leves y el personal policial result\u00f3 ileso.&nbsp;<\/p>\n\n\n\n<p>La aprehendida permaneci\u00f3 internada unas horas debido a su estado de excitaci\u00f3n psicomotriz restando determinar si actuaba bajo ingesta de alcohol o estupefacientes.<\/p>\n\n\n\n<p>Permanece detenida en la comisar\u00eda a disposici\u00f3n de la fiscal\u00eda local en turno y ser\u00e1 indagada hoy en sede judicial.<\/p>\n","protected":false},"excerpt":{"rendered":"<p>Este domingo en horas de la tarde se hace presente m\u00f3vil policial en calle 11 de Septiembre y calle Bozzano barrio 104 viviendas, tras recibir llamado de un vecino que alertaba de mujer quien portaba un arma blanca en estado de agresividad.&nbsp; La polic\u00eda constata agresora hab\u00eda lesionado otra mujer de 19 a\u00f1os que intentaba [&hellip;]<\/p>\n","protected":false},"author":4,"featured_media":77561,"comment_status":"closed","ping_status":"closed","sticky":false,"template":"","format":"standard","meta":{"om_disable_all_campaigns":false,"_jetpack_memberships_contains_paid_content":false,"footnotes":""},"categories":[50,2,103],"tags":[197,33,95,19],"class_list":["post-103588","post","type-post","status-publish","format-standard","has-post-thumbnail","hentry","category-destacadas","category-locales","category-policiales-locales","tag-buenos-aires","tag-locales","tag-policiales","tag-san-pedro"],"aioseo_notices":[],"gutentor_comment":0,"jetpack_featured_media_url":"https:\/\/eldiariodesanpedro.com.ar\/sitio\/wp-content\/uploads\/2020\/07\/20200709072134.jpg","jetpack_shortlink":"https:\/\/wp.me\/p6RhLt-qWM","jetpack_sharing_enabled":true,"_links":{"self":[{"href":"https:\/\/eldiariodesanpedro.com.ar\/sitio\/wp-json\/wp\/v2\/posts\/103588","targetHints":{"allow":["GET"]}}],"collection":[{"href":"https:\/\/eldiariodesanpedro.com.ar\/sitio\/wp-json\/wp\/v2\/posts"}],"about":[{"href":"https:\/\/eldiariodesanpedro.com.ar\/sitio\/wp-json\/wp\/v2\/types\/post"}],"author":[{"embeddable":true,"href":"https:\/\/eldiariodesanpedro.com.ar\/sitio\/wp-json\/wp\/v2\/users\/4"}],"replies":[{"embeddable":true,"href":"https:\/\/eldiariodesanpedro.com.ar\/sitio\/wp-json\/wp\/v2\/comments?post=103588"}],"version-history":[{"count":1,"href":"https:\/\/eldiariodesanpedro.com.ar\/sitio\/wp-json\/wp\/v2\/posts\/103588\/revisions"}],"predecessor-version":[{"id":103589,"href":"https:\/\/eldiariodesanpedro.com.ar\/sitio\/wp-json\/wp\/v2\/posts\/103588\/revisions\/103589"}],"wp:featuredmedia":[{"embeddable":true,"href":"https:\/\/eldiariodesanpedro.com.ar\/sitio\/wp-json\/wp\/v2\/media\/77561"}],"wp:attachment":[{"href":"https:\/\/eldiariodesanpedro.com.ar\/sitio\/wp-json\/wp\/v2\/media?parent=103588"}],"wp:term":[{"taxonomy":"category","embeddable":true,"href":"https:\/\/eldiariodesanpedro.com.ar\/sitio\/wp-json\/wp\/v2\/categories?post=103588"},{"taxonomy":"post_tag","embeddable":true,"href":"https:\/\/eldiariodesanpedro.com.ar\/sitio\/wp-json\/wp\/v2\/tags?post=103588"}],"curies":[{"name":"wp","href":"https:\/\/api.w.org\/{rel}","templated":true}]}}