{"id":103577,"date":"2022-01-31T10:53:26","date_gmt":"2022-01-31T13:53:26","guid":{"rendered":"https:\/\/eldiariodesanpedro.com.ar\/sitio\/?p=103577"},"modified":"2022-01-31T10:53:28","modified_gmt":"2022-01-31T13:53:28","slug":"el-toro-quevedo-cerro-un-fin-de-semana-exitoso-con-una-multitud-en-el-paseo-publico","status":"publish","type":"post","link":"https:\/\/eldiariodesanpedro.com.ar\/sitio\/el-toro-quevedo-cerro-un-fin-de-semana-exitoso-con-una-multitud-en-el-paseo-publico\/","title":{"rendered":"El Toro Quevedo cerr\u00f3 un fin de semana exitoso con una multitud en el Paseo P\u00fablico"},"content":{"rendered":"<!-- VideographyWP Plugin Message: Automatic video embedding prevented by plugin options. -->\n\n<p>El \u00faltimo fin de semana coron\u00f3 el final de un mes excelente para el turismo en San Pedro, con todo lo que genera.<\/p>\n\n\n\n<p>Reconocido como uno de los destinos m\u00e1s elegidos en la Provincia de Buenos Aires por la Subsecretar\u00eda de Turismo, San Pedro con la ciudad cabecera y la variada oferta en zonas rurales y especialmente en Vuelta de Obligado con su playa p\u00fablica, capt\u00f3 el inter\u00e9s de turistas y excursionistas de manera constante.<\/p>\n\n\n\n<p>Los datos extra oficiales relevados por la Secretar\u00eda indican que con picos de 100% en algunas jornadas, se mantuvo siempre una demanda casi total para todos los alojamientos disponibles.<\/p>\n\n\n\n<p>Este movimiento genera una notable movilidad econ\u00f3mica y laboral que desde el gobierno municipal se ha respaldado firmemente con infinidad de iniciativas y una inversi\u00f3n importante en eventos, espect\u00e1culos y las peatonales organizadas por la Secretar\u00eda de Turismo, la Direcci\u00f3n de Tr\u00e1nsito y la C\u00e1mara de Turismo del CCIT, entre otras.<\/p>\n\n\n\n<p>A las iniciativas del gobierno local se sum\u00f3 con gran \u00e9xito el respaldo del Gobierno de la Provincia de Buenos Aires montando un Parador del programa RECREO en la costanera que este fin de semana ofreci\u00f3 shows de alt\u00edsima calidad y campa\u00f1as de promoci\u00f3n de la salud compartidas con la Secretar\u00eda de Salud de San Pedro.<\/p>\n\n\n\n<p>Al igual que el a\u00f1o pasado la iniciativa privada, respaldada tambi\u00e9n por el gobierno municipal, ha repetido (y as\u00ed continuar\u00e1 en febrero) una oferta teatral de calidad con las presentaciones de Carmen Barbieri junto a Alejandro Cupit\u00f3 y el show de talentos conducido por Marcelo Polino y Marcela Tauro, que en el Complejo MANSA LYFE han encontrado una fant\u00e1stica locaci\u00f3n al aire libre que les permitir\u00e1 continuar con las funciones con mejores condiciones de cuidado sanitario.<\/p>\n\n\n\n<p>Tambi\u00e9n se han instalado puntos de atracci\u00f3n art\u00edsticos y ferias en parques, plazas, proyecciones de cine bajo las estrellas en la ciudad y las localidades, y funciones en el Centro Cultural Abelardo Castillo.<\/p>\n\n\n\n<p>Tras haber anunciado el merecido cierre para la Fiesta del Durazno que s\u00f3lo pudo completar una jornada en Gobernador Castro, parte de los artistas programados para ese evento se sumaron a otros de gran jerarqu\u00eda para que este domingo miles de personas disfrutaran del \u201cFestival del Verano\u201d en el Paseo P\u00fablico. Una jornada con un clima ideal para el ballet y la m\u00fasica.<\/p>\n\n\n\n<p>La agenda de febrero que ya tiene propuestas para el pr\u00f3ximo fin de semana ser\u00e1 presentada en breve junto a un balance de lo ocurrido en este primer mes del a\u00f1o, remarcando que como en todo el pa\u00eds, la promoci\u00f3n de las actividades culturales y tur\u00edsticas es trascendental para la recuperaci\u00f3n de la econom\u00eda y que debe seguir siendo acompa\u00f1ada por un alto compromiso compartido entre el gobierno, los prestadores y el p\u00fablico, entendiendo que convivimos a\u00fan con la Pandemia pero que con la cobertura que brinda la vacunaci\u00f3n y la responsabilidad individual se puede continuar con este camino<\/p>\n\n\n\n<iframe data-src=\"https:\/\/www.facebook.com\/plugins\/video.php?height=314&#038;href=https%3A%2F%2Fwww.facebook.com%2Fdiariosp2%2Fvideos%2F916153599050562%2F&#038;show_text=false&#038;width=560&#038;t=0\" width=\"560\" height=\"314\" style=\"border:none;overflow:hidden\" scrolling=\"no\" frameborder=\"0\" allowfullscreen=\"true\" allow=\"autoplay; clipboard-write; encrypted-media; picture-in-picture; web-share\" allowFullScreen=\"true\" src=\"data:image\/svg+xml;base64,PHN2ZyB3aWR0aD0iMSIgaGVpZ2h0PSIxIiB4bWxucz0iaHR0cDovL3d3dy53My5vcmcvMjAwMC9zdmciPjwvc3ZnPg==\" class=\"lazyload\" data-load-mode=\"1\"><\/iframe>\n\n\n\n<figure class=\"wp-block-image size-large\"><img decoding=\"async\" width=\"1024\" height=\"568\" data-attachment-id=\"103580\" data-permalink=\"https:\/\/eldiariodesanpedro.com.ar\/sitio\/el-toro-quevedo-cerro-un-fin-de-semana-exitoso-con-una-multitud-en-el-paseo-publico\/whatsapp-image-2022-01-31-at-10-37-04\/\" data-orig-file=\"https:\/\/eldiariodesanpedro.com.ar\/sitio\/wp-content\/uploads\/2022\/01\/WhatsApp-Image-2022-01-31-at-10.37.04.jpeg\" data-orig-size=\"1136,630\" data-comments-opened=\"0\" data-image-meta=\"{&quot;aperture&quot;:&quot;0&quot;,&quot;credit&quot;:&quot;&quot;,&quot;camera&quot;:&quot;&quot;,&quot;caption&quot;:&quot;&quot;,&quot;created_timestamp&quot;:&quot;0&quot;,&quot;copyright&quot;:&quot;&quot;,&quot;focal_length&quot;:&quot;0&quot;,&quot;iso&quot;:&quot;0&quot;,&quot;shutter_speed&quot;:&quot;0&quot;,&quot;title&quot;:&quot;&quot;,&quot;orientation&quot;:&quot;0&quot;}\" data-image-title=\"WhatsApp Image 2022-01-31 at 10.37.04\" data-image-description=\"\" data-image-caption=\"\" data-large-file=\"https:\/\/eldiariodesanpedro.com.ar\/sitio\/wp-content\/uploads\/2022\/01\/WhatsApp-Image-2022-01-31-at-10.37.04-1024x568.jpeg\" data-src=\"https:\/\/eldiariodesanpedro.com.ar\/sitio\/wp-content\/uploads\/2022\/01\/WhatsApp-Image-2022-01-31-at-10.37.04-1024x568.jpeg\" alt=\"\" class=\"wp-image-103580 lazyload\" data-srcset=\"https:\/\/eldiariodesanpedro.com.ar\/sitio\/wp-content\/uploads\/2022\/01\/WhatsApp-Image-2022-01-31-at-10.37.04-1024x568.jpeg 1024w, https:\/\/eldiariodesanpedro.com.ar\/sitio\/wp-content\/uploads\/2022\/01\/WhatsApp-Image-2022-01-31-at-10.37.04-300x166.jpeg 300w, https:\/\/eldiariodesanpedro.com.ar\/sitio\/wp-content\/uploads\/2022\/01\/WhatsApp-Image-2022-01-31-at-10.37.04-768x426.jpeg 768w, https:\/\/eldiariodesanpedro.com.ar\/sitio\/wp-content\/uploads\/2022\/01\/WhatsApp-Image-2022-01-31-at-10.37.04.jpeg 1136w\" data-sizes=\"(max-width: 1024px) 100vw, 1024px\" src=\"data:image\/svg+xml;base64,PHN2ZyB3aWR0aD0iMSIgaGVpZ2h0PSIxIiB4bWxucz0iaHR0cDovL3d3dy53My5vcmcvMjAwMC9zdmciPjwvc3ZnPg==\" style=\"--smush-placeholder-width: 1024px; --smush-placeholder-aspect-ratio: 1024\/568;\" \/><\/figure>\n\n\n\n<figure class=\"wp-block-image size-full\"><img decoding=\"async\" width=\"945\" height=\"630\" data-attachment-id=\"103579\" data-permalink=\"https:\/\/eldiariodesanpedro.com.ar\/sitio\/el-toro-quevedo-cerro-un-fin-de-semana-exitoso-con-una-multitud-en-el-paseo-publico\/whatsapp-image-2022-01-31-at-10-37-04-1\/\" data-orig-file=\"https:\/\/eldiariodesanpedro.com.ar\/sitio\/wp-content\/uploads\/2022\/01\/WhatsApp-Image-2022-01-31-at-10.37.04-1.jpeg\" data-orig-size=\"945,630\" data-comments-opened=\"0\" data-image-meta=\"{&quot;aperture&quot;:&quot;0&quot;,&quot;credit&quot;:&quot;&quot;,&quot;camera&quot;:&quot;&quot;,&quot;caption&quot;:&quot;&quot;,&quot;created_timestamp&quot;:&quot;0&quot;,&quot;copyright&quot;:&quot;&quot;,&quot;focal_length&quot;:&quot;0&quot;,&quot;iso&quot;:&quot;0&quot;,&quot;shutter_speed&quot;:&quot;0&quot;,&quot;title&quot;:&quot;&quot;,&quot;orientation&quot;:&quot;0&quot;}\" data-image-title=\"WhatsApp Image 2022-01-31 at 10.37.04 (1)\" data-image-description=\"\" data-image-caption=\"\" data-large-file=\"https:\/\/eldiariodesanpedro.com.ar\/sitio\/wp-content\/uploads\/2022\/01\/WhatsApp-Image-2022-01-31-at-10.37.04-1.jpeg\" data-src=\"https:\/\/eldiariodesanpedro.com.ar\/sitio\/wp-content\/uploads\/2022\/01\/WhatsApp-Image-2022-01-31-at-10.37.04-1.jpeg\" alt=\"\" class=\"wp-image-103579 lazyload\" data-srcset=\"https:\/\/eldiariodesanpedro.com.ar\/sitio\/wp-content\/uploads\/2022\/01\/WhatsApp-Image-2022-01-31-at-10.37.04-1.jpeg 945w, https:\/\/eldiariodesanpedro.com.ar\/sitio\/wp-content\/uploads\/2022\/01\/WhatsApp-Image-2022-01-31-at-10.37.04-1-300x200.jpeg 300w, https:\/\/eldiariodesanpedro.com.ar\/sitio\/wp-content\/uploads\/2022\/01\/WhatsApp-Image-2022-01-31-at-10.37.04-1-768x512.jpeg 768w\" data-sizes=\"(max-width: 945px) 100vw, 945px\" src=\"data:image\/svg+xml;base64,PHN2ZyB3aWR0aD0iMSIgaGVpZ2h0PSIxIiB4bWxucz0iaHR0cDovL3d3dy53My5vcmcvMjAwMC9zdmciPjwvc3ZnPg==\" style=\"--smush-placeholder-width: 945px; --smush-placeholder-aspect-ratio: 945\/630;\" \/><\/figure>\n\n\n\n<figure class=\"wp-block-image size-full\"><img decoding=\"async\" width=\"945\" height=\"630\" data-attachment-id=\"103578\" data-permalink=\"https:\/\/eldiariodesanpedro.com.ar\/sitio\/el-toro-quevedo-cerro-un-fin-de-semana-exitoso-con-una-multitud-en-el-paseo-publico\/whatsapp-image-2022-01-31-at-10-37-03\/\" data-orig-file=\"https:\/\/eldiariodesanpedro.com.ar\/sitio\/wp-content\/uploads\/2022\/01\/WhatsApp-Image-2022-01-31-at-10.37.03.jpeg\" data-orig-size=\"945,630\" data-comments-opened=\"0\" data-image-meta=\"{&quot;aperture&quot;:&quot;0&quot;,&quot;credit&quot;:&quot;&quot;,&quot;camera&quot;:&quot;&quot;,&quot;caption&quot;:&quot;&quot;,&quot;created_timestamp&quot;:&quot;0&quot;,&quot;copyright&quot;:&quot;&quot;,&quot;focal_length&quot;:&quot;0&quot;,&quot;iso&quot;:&quot;0&quot;,&quot;shutter_speed&quot;:&quot;0&quot;,&quot;title&quot;:&quot;&quot;,&quot;orientation&quot;:&quot;0&quot;}\" data-image-title=\"WhatsApp Image 2022-01-31 at 10.37.03\" data-image-description=\"\" data-image-caption=\"\" data-large-file=\"https:\/\/eldiariodesanpedro.com.ar\/sitio\/wp-content\/uploads\/2022\/01\/WhatsApp-Image-2022-01-31-at-10.37.03.jpeg\" data-src=\"https:\/\/eldiariodesanpedro.com.ar\/sitio\/wp-content\/uploads\/2022\/01\/WhatsApp-Image-2022-01-31-at-10.37.03.jpeg\" alt=\"\" class=\"wp-image-103578 lazyload\" data-srcset=\"https:\/\/eldiariodesanpedro.com.ar\/sitio\/wp-content\/uploads\/2022\/01\/WhatsApp-Image-2022-01-31-at-10.37.03.jpeg 945w, https:\/\/eldiariodesanpedro.com.ar\/sitio\/wp-content\/uploads\/2022\/01\/WhatsApp-Image-2022-01-31-at-10.37.03-300x200.jpeg 300w, https:\/\/eldiariodesanpedro.com.ar\/sitio\/wp-content\/uploads\/2022\/01\/WhatsApp-Image-2022-01-31-at-10.37.03-768x512.jpeg 768w\" data-sizes=\"(max-width: 945px) 100vw, 945px\" src=\"data:image\/svg+xml;base64,PHN2ZyB3aWR0aD0iMSIgaGVpZ2h0PSIxIiB4bWxucz0iaHR0cDovL3d3dy53My5vcmcvMjAwMC9zdmciPjwvc3ZnPg==\" style=\"--smush-placeholder-width: 945px; --smush-placeholder-aspect-ratio: 945\/630;\" \/><\/figure>\n\n\n\n<iframe data-src=\"https:\/\/www.facebook.com\/plugins\/post.php?href=https%3A%2F%2Fwww.facebook.com%2Fdiariosp2%2Fposts%2F261442969420909&#038;show_text=true&#038;width=500\" width=\"500\" height=\"665\" style=\"border:none;overflow:hidden\" scrolling=\"no\" frameborder=\"0\" allowfullscreen=\"true\" allow=\"autoplay; clipboard-write; encrypted-media; picture-in-picture; web-share\" src=\"data:image\/svg+xml;base64,PHN2ZyB3aWR0aD0iMSIgaGVpZ2h0PSIxIiB4bWxucz0iaHR0cDovL3d3dy53My5vcmcvMjAwMC9zdmciPjwvc3ZnPg==\" class=\"lazyload\" data-load-mode=\"1\"><\/iframe>\n","protected":false},"excerpt":{"rendered":"<p>El \u00faltimo fin de semana coron\u00f3 el final de un mes excelente para el turismo en San Pedro, con todo lo que genera. Reconocido como uno de los destinos m\u00e1s elegidos en la Provincia de Buenos Aires por la Subsecretar\u00eda de Turismo, San Pedro con la ciudad cabecera y la variada oferta en zonas rurales [&hellip;]<\/p>\n","protected":false},"author":4,"featured_media":103584,"comment_status":"closed","ping_status":"closed","sticky":false,"template":"","format":"standard","meta":{"om_disable_all_campaigns":false,"_jetpack_memberships_contains_paid_content":false,"footnotes":""},"categories":[50,101,2],"tags":[197,2640,696,33,19],"class_list":["post-103577","post","type-post","status-publish","format-standard","has-post-thumbnail","hentry","category-destacadas","category-interes-general-locales","category-locales","tag-buenos-aires","tag-el-toro-quevedo-cerro-un-fin-de-semana-exitoso-con-una-multitud-en-el-paseo-publico","tag-interes-general","tag-locales","tag-san-pedro"],"aioseo_notices":[],"gutentor_comment":0,"jetpack_featured_media_url":"https:\/\/eldiariodesanpedro.com.ar\/sitio\/wp-content\/uploads\/2022\/01\/DSC_0568.jpg","jetpack_shortlink":"https:\/\/wp.me\/p6RhLt-qWB","jetpack_sharing_enabled":true,"_links":{"self":[{"href":"https:\/\/eldiariodesanpedro.com.ar\/sitio\/wp-json\/wp\/v2\/posts\/103577","targetHints":{"allow":["GET"]}}],"collection":[{"href":"https:\/\/eldiariodesanpedro.com.ar\/sitio\/wp-json\/wp\/v2\/posts"}],"about":[{"href":"https:\/\/eldiariodesanpedro.com.ar\/sitio\/wp-json\/wp\/v2\/types\/post"}],"author":[{"embeddable":true,"href":"https:\/\/eldiariodesanpedro.com.ar\/sitio\/wp-json\/wp\/v2\/users\/4"}],"replies":[{"embeddable":true,"href":"https:\/\/eldiariodesanpedro.com.ar\/sitio\/wp-json\/wp\/v2\/comments?post=103577"}],"version-history":[{"count":1,"href":"https:\/\/eldiariodesanpedro.com.ar\/sitio\/wp-json\/wp\/v2\/posts\/103577\/revisions"}],"predecessor-version":[{"id":103587,"href":"https:\/\/eldiariodesanpedro.com.ar\/sitio\/wp-json\/wp\/v2\/posts\/103577\/revisions\/103587"}],"wp:featuredmedia":[{"embeddable":true,"href":"https:\/\/eldiariodesanpedro.com.ar\/sitio\/wp-json\/wp\/v2\/media\/103584"}],"wp:attachment":[{"href":"https:\/\/eldiariodesanpedro.com.ar\/sitio\/wp-json\/wp\/v2\/media?parent=103577"}],"wp:term":[{"taxonomy":"category","embeddable":true,"href":"https:\/\/eldiariodesanpedro.com.ar\/sitio\/wp-json\/wp\/v2\/categories?post=103577"},{"taxonomy":"post_tag","embeddable":true,"href":"https:\/\/eldiariodesanpedro.com.ar\/sitio\/wp-json\/wp\/v2\/tags?post=103577"}],"curies":[{"name":"wp","href":"https:\/\/api.w.org\/{rel}","templated":true}]}}