{"id":103573,"date":"2022-01-31T10:43:26","date_gmt":"2022-01-31T13:43:26","guid":{"rendered":"https:\/\/eldiariodesanpedro.com.ar\/sitio\/?p=103573"},"modified":"2022-01-31T10:43:29","modified_gmt":"2022-01-31T13:43:29","slug":"preparativos-para-el-censo-nacional-de-poblacion-hogares-y-viviendas-2022","status":"publish","type":"post","link":"https:\/\/eldiariodesanpedro.com.ar\/sitio\/preparativos-para-el-censo-nacional-de-poblacion-hogares-y-viviendas-2022\/","title":{"rendered":"Preparativos para el Censo Nacional de Poblaci\u00f3n, Hogares y Viviendas 2022"},"content":{"rendered":"<!-- VideographyWP Plugin Message: Automatic video embedding prevented by plugin options. -->\n\n<p>A trav\u00e9s del Decreto N\u00ba 42 firmado por el Presidente de la Naci\u00f3n y bajo la direcci\u00f3n del Instituto Nacional de Estad\u00edsticas y Censos, el mi\u00e9rcoles 18 de mayo ser\u00e1 la fecha en la que se lleven a cabos los operativos en todo el territorio Nacional.<\/p>\n\n\n\n<p>En una reuni\u00f3n virtual concretada hace pocos d\u00edas y con la participaci\u00f3n de funcionarios provinciales de la Direcci\u00f3n de Estad\u00edsticas y del Ministerio de Econom\u00eda, se repasaron las etapas y acciones que ya est\u00e1n en marcha para llegar a la fecha establecida de manera correcta.<\/p>\n\n\n\n<p>En representaci\u00f3n de la ciudad de San Pedro, particip\u00f3 del encuentro el Secretario de Coordinaci\u00f3n Hern\u00e1n Contreras, designado como Jefe Departamental para el Censo, con el rol de coordinar la log\u00edstica integral y dar apoyo al Jefe de Distrito designado por la Direcci\u00f3n General de Cultura y Educaci\u00f3n, as\u00ed como a los responsables de fracci\u00f3n, radio censal y a los censistas.<\/p>\n\n\n\n<p>El Censo Nacional de Poblaci\u00f3n, Hogares y Viviendas es el operativo civil de mayor dimensi\u00f3n que lleva adelante un pa\u00eds y se realiza cada 10 a\u00f1os. En Argentina debi\u00f3 postergarse en 2020 con motivo de la pandemia, es por ello que se realizar\u00e1 en este 2022.<\/p>\n\n\n\n<p>Para los municipios el Censo tiene especial importancia, ya que permitir\u00e1 producir una gran cantidad de informaci\u00f3n desagregada a nivel de Partido, Localidad, Fracci\u00f3n y Radio Censal.<\/p>\n\n\n\n<p>Respecto del Censo 2010, hay sustanciales cambios metodol\u00f3gicos: este es un censo de derecho, es decir que las personas se censan donde pasan la mayor parte de tiempo durante la semana y no donde hayan dormido la noche anterior. No ser\u00e1 un censo de muestra, ya que todos los cuestionarios censales ser\u00e1n iguales. Adem\u00e1s, cuenta con herramientas de innovaci\u00f3n como la App CensAR y tableros de gesti\u00f3n para el seguimiento en tiempo real del operativo.<\/p>\n\n\n\n<p>A medida que se completen los plazos, se continuar\u00e1 informando a la poblaci\u00f3n acerca de las novedades y los pr\u00f3ximos pasos para este operativo que contar\u00e1 con pasos previos como el censo digital, pero que tiene su fecha establecida para el mi\u00e9rcoles 18 de mayo, d\u00eda que adem\u00e1s por esta raz\u00f3n ha sido decretado feriado nacional.<\/p>\n\n\n\n<figure class=\"wp-block-image size-large\"><img decoding=\"async\" width=\"1024\" height=\"548\" data-attachment-id=\"103575\" data-permalink=\"https:\/\/eldiariodesanpedro.com.ar\/sitio\/preparativos-para-el-censo-nacional-de-poblacion-hogares-y-viviendas-2022\/whatsapp-image-2022-01-29-at-14-00-44\/\" data-orig-file=\"https:\/\/eldiariodesanpedro.com.ar\/sitio\/wp-content\/uploads\/2022\/01\/WhatsApp-Image-2022-01-29-at-14.00.44.jpeg\" data-orig-size=\"1152,616\" data-comments-opened=\"0\" data-image-meta=\"{&quot;aperture&quot;:&quot;0&quot;,&quot;credit&quot;:&quot;&quot;,&quot;camera&quot;:&quot;&quot;,&quot;caption&quot;:&quot;&quot;,&quot;created_timestamp&quot;:&quot;0&quot;,&quot;copyright&quot;:&quot;&quot;,&quot;focal_length&quot;:&quot;0&quot;,&quot;iso&quot;:&quot;0&quot;,&quot;shutter_speed&quot;:&quot;0&quot;,&quot;title&quot;:&quot;&quot;,&quot;orientation&quot;:&quot;0&quot;}\" data-image-title=\"WhatsApp Image 2022-01-29 at 14.00.44\" data-image-description=\"\" data-image-caption=\"\" data-large-file=\"https:\/\/eldiariodesanpedro.com.ar\/sitio\/wp-content\/uploads\/2022\/01\/WhatsApp-Image-2022-01-29-at-14.00.44-1024x548.jpeg\" data-src=\"https:\/\/eldiariodesanpedro.com.ar\/sitio\/wp-content\/uploads\/2022\/01\/WhatsApp-Image-2022-01-29-at-14.00.44-1024x548.jpeg\" alt=\"\" class=\"wp-image-103575 lazyload\" data-srcset=\"https:\/\/eldiariodesanpedro.com.ar\/sitio\/wp-content\/uploads\/2022\/01\/WhatsApp-Image-2022-01-29-at-14.00.44-1024x548.jpeg 1024w, https:\/\/eldiariodesanpedro.com.ar\/sitio\/wp-content\/uploads\/2022\/01\/WhatsApp-Image-2022-01-29-at-14.00.44-300x160.jpeg 300w, https:\/\/eldiariodesanpedro.com.ar\/sitio\/wp-content\/uploads\/2022\/01\/WhatsApp-Image-2022-01-29-at-14.00.44-768x411.jpeg 768w, https:\/\/eldiariodesanpedro.com.ar\/sitio\/wp-content\/uploads\/2022\/01\/WhatsApp-Image-2022-01-29-at-14.00.44.jpeg 1152w\" data-sizes=\"(max-width: 1024px) 100vw, 1024px\" src=\"data:image\/svg+xml;base64,PHN2ZyB3aWR0aD0iMSIgaGVpZ2h0PSIxIiB4bWxucz0iaHR0cDovL3d3dy53My5vcmcvMjAwMC9zdmciPjwvc3ZnPg==\" style=\"--smush-placeholder-width: 1024px; --smush-placeholder-aspect-ratio: 1024\/548;\" \/><\/figure>\n","protected":false},"excerpt":{"rendered":"<p>A trav\u00e9s del Decreto N\u00ba 42 firmado por el Presidente de la Naci\u00f3n y bajo la direcci\u00f3n del Instituto Nacional de Estad\u00edsticas y Censos, el mi\u00e9rcoles 18 de mayo ser\u00e1 la fecha en la que se lleven a cabos los operativos en todo el territorio Nacional. En una reuni\u00f3n virtual concretada hace pocos d\u00edas y [&hellip;]<\/p>\n","protected":false},"author":4,"featured_media":103574,"comment_status":"closed","ping_status":"closed","sticky":false,"template":"","format":"standard","meta":{"om_disable_all_campaigns":false,"_jetpack_memberships_contains_paid_content":false,"footnotes":""},"categories":[101,2],"tags":[197,696,33,19],"class_list":["post-103573","post","type-post","status-publish","format-standard","has-post-thumbnail","hentry","category-interes-general-locales","category-locales","tag-buenos-aires","tag-interes-general","tag-locales","tag-san-pedro"],"aioseo_notices":[],"gutentor_comment":0,"jetpack_featured_media_url":"https:\/\/eldiariodesanpedro.com.ar\/sitio\/wp-content\/uploads\/2022\/01\/WhatsApp-Image-2022-01-29-at-14.00.44-1.jpeg","jetpack_shortlink":"https:\/\/wp.me\/p6RhLt-qWx","jetpack_sharing_enabled":true,"_links":{"self":[{"href":"https:\/\/eldiariodesanpedro.com.ar\/sitio\/wp-json\/wp\/v2\/posts\/103573","targetHints":{"allow":["GET"]}}],"collection":[{"href":"https:\/\/eldiariodesanpedro.com.ar\/sitio\/wp-json\/wp\/v2\/posts"}],"about":[{"href":"https:\/\/eldiariodesanpedro.com.ar\/sitio\/wp-json\/wp\/v2\/types\/post"}],"author":[{"embeddable":true,"href":"https:\/\/eldiariodesanpedro.com.ar\/sitio\/wp-json\/wp\/v2\/users\/4"}],"replies":[{"embeddable":true,"href":"https:\/\/eldiariodesanpedro.com.ar\/sitio\/wp-json\/wp\/v2\/comments?post=103573"}],"version-history":[{"count":1,"href":"https:\/\/eldiariodesanpedro.com.ar\/sitio\/wp-json\/wp\/v2\/posts\/103573\/revisions"}],"predecessor-version":[{"id":103576,"href":"https:\/\/eldiariodesanpedro.com.ar\/sitio\/wp-json\/wp\/v2\/posts\/103573\/revisions\/103576"}],"wp:featuredmedia":[{"embeddable":true,"href":"https:\/\/eldiariodesanpedro.com.ar\/sitio\/wp-json\/wp\/v2\/media\/103574"}],"wp:attachment":[{"href":"https:\/\/eldiariodesanpedro.com.ar\/sitio\/wp-json\/wp\/v2\/media?parent=103573"}],"wp:term":[{"taxonomy":"category","embeddable":true,"href":"https:\/\/eldiariodesanpedro.com.ar\/sitio\/wp-json\/wp\/v2\/categories?post=103573"},{"taxonomy":"post_tag","embeddable":true,"href":"https:\/\/eldiariodesanpedro.com.ar\/sitio\/wp-json\/wp\/v2\/tags?post=103573"}],"curies":[{"name":"wp","href":"https:\/\/api.w.org\/{rel}","templated":true}]}}