{"id":10356,"date":"2016-11-17T07:53:58","date_gmt":"2016-11-17T10:53:58","guid":{"rendered":"https:\/\/eldiariodesanpedro.com.ar\/sitio\/?p=10356"},"modified":"2016-11-17T07:53:58","modified_gmt":"2016-11-17T10:53:58","slug":"con-13-anos-robo-en-supermercado","status":"publish","type":"post","link":"https:\/\/eldiariodesanpedro.com.ar\/sitio\/con-13-anos-robo-en-supermercado\/","title":{"rendered":"Con 13 a\u00f1os robo en supermercado"},"content":{"rendered":"<p><!-- VideographyWP Plugin Message: Automatic video embedding prevented by plugin options. --><\/p>\n<p>En el mediodia de ayer en calle Mart\u00edn Fierro al 650 se procedi\u00f3 a la detenci\u00f3n de un joven de 13 a\u00f1os de edad quien momento  atr\u00e1s hab\u00eda sustra\u00eddo sin violencia $1400 del supermercado 1001 ubicado en calle Mitre y Juan B. Justo. <\/p>\n<p>Fiscal\u00eda del Joven se dispuso que se labren las actuaciones pertinentes y luego fue entregado a sus padres.  <\/p>\n","protected":false},"excerpt":{"rendered":"<p>En el mediodia de ayer en calle Mart\u00edn Fierro al 650 se procedi\u00f3 a la detenci\u00f3n de un joven de 13 a\u00f1os de edad quien momento atr\u00e1s hab\u00eda sustra\u00eddo sin violencia $1400 del supermercado 1001 ubicado en calle Mitre y Juan B. Justo. Fiscal\u00eda del Joven se dispuso que se labren las actuaciones pertinentes y [&hellip;]<\/p>\n","protected":false},"author":4,"featured_media":10357,"comment_status":"open","ping_status":"closed","sticky":false,"template":"","format":"standard","meta":{"om_disable_all_campaigns":false,"_jetpack_memberships_contains_paid_content":false,"footnotes":""},"categories":[50,2,103],"tags":[],"class_list":["post-10356","post","type-post","status-publish","format-standard","has-post-thumbnail","hentry","category-destacadas","category-locales","category-policiales-locales"],"aioseo_notices":[],"gutentor_comment":0,"jetpack_featured_media_url":"https:\/\/eldiariodesanpedro.com.ar\/sitio\/wp-content\/uploads\/2016\/11\/IMG_20161117_074614.jpg","jetpack_shortlink":"https:\/\/wp.me\/p6RhLt-2H2","jetpack_sharing_enabled":true,"_links":{"self":[{"href":"https:\/\/eldiariodesanpedro.com.ar\/sitio\/wp-json\/wp\/v2\/posts\/10356","targetHints":{"allow":["GET"]}}],"collection":[{"href":"https:\/\/eldiariodesanpedro.com.ar\/sitio\/wp-json\/wp\/v2\/posts"}],"about":[{"href":"https:\/\/eldiariodesanpedro.com.ar\/sitio\/wp-json\/wp\/v2\/types\/post"}],"author":[{"embeddable":true,"href":"https:\/\/eldiariodesanpedro.com.ar\/sitio\/wp-json\/wp\/v2\/users\/4"}],"replies":[{"embeddable":true,"href":"https:\/\/eldiariodesanpedro.com.ar\/sitio\/wp-json\/wp\/v2\/comments?post=10356"}],"version-history":[{"count":1,"href":"https:\/\/eldiariodesanpedro.com.ar\/sitio\/wp-json\/wp\/v2\/posts\/10356\/revisions"}],"predecessor-version":[{"id":10358,"href":"https:\/\/eldiariodesanpedro.com.ar\/sitio\/wp-json\/wp\/v2\/posts\/10356\/revisions\/10358"}],"wp:featuredmedia":[{"embeddable":true,"href":"https:\/\/eldiariodesanpedro.com.ar\/sitio\/wp-json\/wp\/v2\/media\/10357"}],"wp:attachment":[{"href":"https:\/\/eldiariodesanpedro.com.ar\/sitio\/wp-json\/wp\/v2\/media?parent=10356"}],"wp:term":[{"taxonomy":"category","embeddable":true,"href":"https:\/\/eldiariodesanpedro.com.ar\/sitio\/wp-json\/wp\/v2\/categories?post=10356"},{"taxonomy":"post_tag","embeddable":true,"href":"https:\/\/eldiariodesanpedro.com.ar\/sitio\/wp-json\/wp\/v2\/tags?post=10356"}],"curies":[{"name":"wp","href":"https:\/\/api.w.org\/{rel}","templated":true}]}}