{"id":103527,"date":"2022-01-28T18:16:50","date_gmt":"2022-01-28T21:16:50","guid":{"rendered":"https:\/\/eldiariodesanpedro.com.ar\/sitio\/?p=103527"},"modified":"2022-01-28T18:16:53","modified_gmt":"2022-01-28T21:16:53","slug":"laura-monfasani-juro-como-secretaria-de-politicas-de-genero-mujeres-y-diversidad","status":"publish","type":"post","link":"https:\/\/eldiariodesanpedro.com.ar\/sitio\/laura-monfasani-juro-como-secretaria-de-politicas-de-genero-mujeres-y-diversidad\/","title":{"rendered":"Laura Monfasani jur\u00f3 como Secretaria de Pol\u00edticas de G\u00e9nero, Mujeres y Diversidad"},"content":{"rendered":"<!-- VideographyWP Plugin Message: Automatic video embedding prevented by plugin options. -->\n\n<p>Esta ma\u00f1ana, el Intendente Ram\u00f3n Salazar le tom\u00f3 juramento a Laura Monfasani como Secretaria de Pol\u00edticas de G\u00e9nero, Mujeres y Diversidad, cumpliendo de este modo el compromiso asumido el a\u00f1o pasado por el Gobierno Municipal, encabezado por Cecilio Salazar, hoy en uso de licencia y continuado por el Dr. Ram\u00f3n Salazar.<\/p>\n\n\n\n<p>El Jefe Comunal le dese\u00f3 \u201cmucho \u00e9xito\u201d a la nueva secretaria del gabinete y a todo su equipo de trabajo, afirmando que esta ampliaci\u00f3n del \u00e1rea \u201ces un reconocimiento a las mujeres que vienen dando una gran lucha durante tantos a\u00f1os\u00bb y que ahora tendr\u00e1 mayores facultades.<\/p>\n\n\n\n<p>Salazar hizo hincapi\u00e9 en que San Pedro es el sexto municipio de toda la Provincia en contar con una Secretar\u00eda de estas caracter\u00edsticas, lo que constituye un hecho muy relevante y confirma la voluntad pol\u00edtica de trabajar firmemente en estos temas.<\/p>\n\n\n\n<p>La flameante secretaria agradeci\u00f3 a su equipo de trabajo que \u201cconstantemente esta al pie del ca\u00f1\u00f3n, resolviendo, respondiendo y armando la estructura\u201d. Tambi\u00e9n agradeci\u00f3 a los Ministerios de Provincia y Naci\u00f3n, al Intendente Ram\u00f3n Salazar y al Intendente en uso de licencia Cecilio Salazar, asegurando que \u201cesto es un gran avance para la pol\u00edtica en general y habla de que el municipio est\u00e1 presente y preocupado por la tem\u00e1tica de violencia y el seguimiento de estos temas\u201d.<\/p>\n\n\n\n<p>Finalmente agradeci\u00f3 a su familia, a los movimientos sociales \u201cporque esto es parte de una lucha constante de hace muchos a\u00f1os\u201d y a las dem\u00e1s \u00e1reas que componen el gabinete municipal, con las que espera \u201cpoder articular y seguir trabajando como hasta ahora\u201d.<\/p>\n\n\n\n<p>Tambi\u00e9n reconoci\u00f3 a las titulares de la Comisar\u00eda de la Mujer Mariana Gisela Aguila, Patricia Victoria Melgar y Valeria Sosa, quien fue designada Jefa de la Estaci\u00f3n de Polic\u00eda Comunal de Baradero \u00abcon quien empezamos este proyecto y trabajamos muy bien\u201d.<\/p>\n\n\n\n<p>Finalmente, la Directora Regional de la Subsecretaria de Pol\u00edticas Transversales Marcela Isarra, quien transmiti\u00f3 el saludo \u201ccaluroso de nuestra Ministra Estela D\u00edaz, que por razones de agenda no pudo estar\u201d se refiri\u00f3 a que la ciudad de San Pedro \u201cmarca un hito importante en la provincia\u201d remarcando la importancia de que exista una Secretar\u00eda \u201cque tenga presupuesto propio y que a su vez tenga un organigrama\u201d transmitiendo las felicitaciones al Intendente Salazar \u201cporque est\u00e1s dando un paso fundamental dentro de la historia de las pol\u00edticas p\u00fablicas\u201d.<\/p>\n\n\n\n<figure class=\"wp-block-image size-full\"><img decoding=\"async\" width=\"930\" height=\"630\" data-attachment-id=\"103531\" data-permalink=\"https:\/\/eldiariodesanpedro.com.ar\/sitio\/laura-monfasani-juro-como-secretaria-de-politicas-de-genero-mujeres-y-diversidad\/whatsapp-image-2022-01-28-at-13-00-47\/\" data-orig-file=\"https:\/\/eldiariodesanpedro.com.ar\/sitio\/wp-content\/uploads\/2022\/01\/WhatsApp-Image-2022-01-28-at-13.00.47.jpeg\" data-orig-size=\"930,630\" data-comments-opened=\"0\" data-image-meta=\"{&quot;aperture&quot;:&quot;0&quot;,&quot;credit&quot;:&quot;&quot;,&quot;camera&quot;:&quot;&quot;,&quot;caption&quot;:&quot;&quot;,&quot;created_timestamp&quot;:&quot;0&quot;,&quot;copyright&quot;:&quot;&quot;,&quot;focal_length&quot;:&quot;0&quot;,&quot;iso&quot;:&quot;0&quot;,&quot;shutter_speed&quot;:&quot;0&quot;,&quot;title&quot;:&quot;&quot;,&quot;orientation&quot;:&quot;0&quot;}\" data-image-title=\"WhatsApp Image 2022-01-28 at 13.00.47\" data-image-description=\"\" data-image-caption=\"\" data-large-file=\"https:\/\/eldiariodesanpedro.com.ar\/sitio\/wp-content\/uploads\/2022\/01\/WhatsApp-Image-2022-01-28-at-13.00.47.jpeg\" data-src=\"https:\/\/eldiariodesanpedro.com.ar\/sitio\/wp-content\/uploads\/2022\/01\/WhatsApp-Image-2022-01-28-at-13.00.47.jpeg\" alt=\"\" class=\"wp-image-103531 lazyload\" data-srcset=\"https:\/\/eldiariodesanpedro.com.ar\/sitio\/wp-content\/uploads\/2022\/01\/WhatsApp-Image-2022-01-28-at-13.00.47.jpeg 930w, https:\/\/eldiariodesanpedro.com.ar\/sitio\/wp-content\/uploads\/2022\/01\/WhatsApp-Image-2022-01-28-at-13.00.47-300x203.jpeg 300w, https:\/\/eldiariodesanpedro.com.ar\/sitio\/wp-content\/uploads\/2022\/01\/WhatsApp-Image-2022-01-28-at-13.00.47-768x520.jpeg 768w\" data-sizes=\"(max-width: 930px) 100vw, 930px\" src=\"data:image\/svg+xml;base64,PHN2ZyB3aWR0aD0iMSIgaGVpZ2h0PSIxIiB4bWxucz0iaHR0cDovL3d3dy53My5vcmcvMjAwMC9zdmciPjwvc3ZnPg==\" style=\"--smush-placeholder-width: 930px; --smush-placeholder-aspect-ratio: 930\/630;\" \/><\/figure>\n\n\n\n<figure class=\"wp-block-image size-full\"><img decoding=\"async\" width=\"988\" height=\"630\" data-attachment-id=\"103528\" data-permalink=\"https:\/\/eldiariodesanpedro.com.ar\/sitio\/laura-monfasani-juro-como-secretaria-de-politicas-de-genero-mujeres-y-diversidad\/whatsapp-image-2022-01-28-at-13-00-44\/\" data-orig-file=\"https:\/\/eldiariodesanpedro.com.ar\/sitio\/wp-content\/uploads\/2022\/01\/WhatsApp-Image-2022-01-28-at-13.00.44.jpeg\" data-orig-size=\"988,630\" data-comments-opened=\"0\" data-image-meta=\"{&quot;aperture&quot;:&quot;0&quot;,&quot;credit&quot;:&quot;&quot;,&quot;camera&quot;:&quot;&quot;,&quot;caption&quot;:&quot;&quot;,&quot;created_timestamp&quot;:&quot;0&quot;,&quot;copyright&quot;:&quot;&quot;,&quot;focal_length&quot;:&quot;0&quot;,&quot;iso&quot;:&quot;0&quot;,&quot;shutter_speed&quot;:&quot;0&quot;,&quot;title&quot;:&quot;&quot;,&quot;orientation&quot;:&quot;0&quot;}\" data-image-title=\"WhatsApp Image 2022-01-28 at 13.00.44\" data-image-description=\"\" data-image-caption=\"\" data-large-file=\"https:\/\/eldiariodesanpedro.com.ar\/sitio\/wp-content\/uploads\/2022\/01\/WhatsApp-Image-2022-01-28-at-13.00.44.jpeg\" data-src=\"https:\/\/eldiariodesanpedro.com.ar\/sitio\/wp-content\/uploads\/2022\/01\/WhatsApp-Image-2022-01-28-at-13.00.44.jpeg\" alt=\"\" class=\"wp-image-103528 lazyload\" data-srcset=\"https:\/\/eldiariodesanpedro.com.ar\/sitio\/wp-content\/uploads\/2022\/01\/WhatsApp-Image-2022-01-28-at-13.00.44.jpeg 988w, https:\/\/eldiariodesanpedro.com.ar\/sitio\/wp-content\/uploads\/2022\/01\/WhatsApp-Image-2022-01-28-at-13.00.44-300x191.jpeg 300w, https:\/\/eldiariodesanpedro.com.ar\/sitio\/wp-content\/uploads\/2022\/01\/WhatsApp-Image-2022-01-28-at-13.00.44-768x490.jpeg 768w\" data-sizes=\"(max-width: 988px) 100vw, 988px\" src=\"data:image\/svg+xml;base64,PHN2ZyB3aWR0aD0iMSIgaGVpZ2h0PSIxIiB4bWxucz0iaHR0cDovL3d3dy53My5vcmcvMjAwMC9zdmciPjwvc3ZnPg==\" style=\"--smush-placeholder-width: 988px; --smush-placeholder-aspect-ratio: 988\/630;\" \/><\/figure>\n\n\n\n<figure class=\"wp-block-image size-full\"><img decoding=\"async\" width=\"1013\" height=\"630\" data-attachment-id=\"103529\" data-permalink=\"https:\/\/eldiariodesanpedro.com.ar\/sitio\/laura-monfasani-juro-como-secretaria-de-politicas-de-genero-mujeres-y-diversidad\/whatsapp-image-2022-01-28-at-13-00-46-1\/\" data-orig-file=\"https:\/\/eldiariodesanpedro.com.ar\/sitio\/wp-content\/uploads\/2022\/01\/WhatsApp-Image-2022-01-28-at-13.00.46-1.jpeg\" data-orig-size=\"1013,630\" data-comments-opened=\"0\" data-image-meta=\"{&quot;aperture&quot;:&quot;0&quot;,&quot;credit&quot;:&quot;&quot;,&quot;camera&quot;:&quot;&quot;,&quot;caption&quot;:&quot;&quot;,&quot;created_timestamp&quot;:&quot;0&quot;,&quot;copyright&quot;:&quot;&quot;,&quot;focal_length&quot;:&quot;0&quot;,&quot;iso&quot;:&quot;0&quot;,&quot;shutter_speed&quot;:&quot;0&quot;,&quot;title&quot;:&quot;&quot;,&quot;orientation&quot;:&quot;0&quot;}\" data-image-title=\"WhatsApp Image 2022-01-28 at 13.00.46 (1)\" data-image-description=\"\" data-image-caption=\"\" data-large-file=\"https:\/\/eldiariodesanpedro.com.ar\/sitio\/wp-content\/uploads\/2022\/01\/WhatsApp-Image-2022-01-28-at-13.00.46-1.jpeg\" data-src=\"https:\/\/eldiariodesanpedro.com.ar\/sitio\/wp-content\/uploads\/2022\/01\/WhatsApp-Image-2022-01-28-at-13.00.46-1.jpeg\" alt=\"\" class=\"wp-image-103529 lazyload\" data-srcset=\"https:\/\/eldiariodesanpedro.com.ar\/sitio\/wp-content\/uploads\/2022\/01\/WhatsApp-Image-2022-01-28-at-13.00.46-1.jpeg 1013w, https:\/\/eldiariodesanpedro.com.ar\/sitio\/wp-content\/uploads\/2022\/01\/WhatsApp-Image-2022-01-28-at-13.00.46-1-300x187.jpeg 300w, https:\/\/eldiariodesanpedro.com.ar\/sitio\/wp-content\/uploads\/2022\/01\/WhatsApp-Image-2022-01-28-at-13.00.46-1-768x478.jpeg 768w\" data-sizes=\"(max-width: 1013px) 100vw, 1013px\" src=\"data:image\/svg+xml;base64,PHN2ZyB3aWR0aD0iMSIgaGVpZ2h0PSIxIiB4bWxucz0iaHR0cDovL3d3dy53My5vcmcvMjAwMC9zdmciPjwvc3ZnPg==\" style=\"--smush-placeholder-width: 1013px; --smush-placeholder-aspect-ratio: 1013\/630;\" \/><\/figure>\n","protected":false},"excerpt":{"rendered":"<p>Esta ma\u00f1ana, el Intendente Ram\u00f3n Salazar le tom\u00f3 juramento a Laura Monfasani como Secretaria de Pol\u00edticas de G\u00e9nero, Mujeres y Diversidad, cumpliendo de este modo el compromiso asumido el a\u00f1o pasado por el Gobierno Municipal, encabezado por Cecilio Salazar, hoy en uso de licencia y continuado por el Dr. Ram\u00f3n Salazar. El Jefe Comunal le [&hellip;]<\/p>\n","protected":false},"author":4,"featured_media":103530,"comment_status":"closed","ping_status":"closed","sticky":false,"template":"","format":"standard","meta":{"om_disable_all_campaigns":false,"_jetpack_memberships_contains_paid_content":false,"footnotes":""},"categories":[50,101,2],"tags":[197,696,33,19],"class_list":["post-103527","post","type-post","status-publish","format-standard","has-post-thumbnail","hentry","category-destacadas","category-interes-general-locales","category-locales","tag-buenos-aires","tag-interes-general","tag-locales","tag-san-pedro"],"aioseo_notices":[],"gutentor_comment":0,"jetpack_featured_media_url":"https:\/\/eldiariodesanpedro.com.ar\/sitio\/wp-content\/uploads\/2022\/01\/WhatsApp-Image-2022-01-28-at-13.00.46.jpeg","jetpack_shortlink":"https:\/\/wp.me\/p6RhLt-qVN","jetpack_sharing_enabled":true,"_links":{"self":[{"href":"https:\/\/eldiariodesanpedro.com.ar\/sitio\/wp-json\/wp\/v2\/posts\/103527","targetHints":{"allow":["GET"]}}],"collection":[{"href":"https:\/\/eldiariodesanpedro.com.ar\/sitio\/wp-json\/wp\/v2\/posts"}],"about":[{"href":"https:\/\/eldiariodesanpedro.com.ar\/sitio\/wp-json\/wp\/v2\/types\/post"}],"author":[{"embeddable":true,"href":"https:\/\/eldiariodesanpedro.com.ar\/sitio\/wp-json\/wp\/v2\/users\/4"}],"replies":[{"embeddable":true,"href":"https:\/\/eldiariodesanpedro.com.ar\/sitio\/wp-json\/wp\/v2\/comments?post=103527"}],"version-history":[{"count":1,"href":"https:\/\/eldiariodesanpedro.com.ar\/sitio\/wp-json\/wp\/v2\/posts\/103527\/revisions"}],"predecessor-version":[{"id":103532,"href":"https:\/\/eldiariodesanpedro.com.ar\/sitio\/wp-json\/wp\/v2\/posts\/103527\/revisions\/103532"}],"wp:featuredmedia":[{"embeddable":true,"href":"https:\/\/eldiariodesanpedro.com.ar\/sitio\/wp-json\/wp\/v2\/media\/103530"}],"wp:attachment":[{"href":"https:\/\/eldiariodesanpedro.com.ar\/sitio\/wp-json\/wp\/v2\/media?parent=103527"}],"wp:term":[{"taxonomy":"category","embeddable":true,"href":"https:\/\/eldiariodesanpedro.com.ar\/sitio\/wp-json\/wp\/v2\/categories?post=103527"},{"taxonomy":"post_tag","embeddable":true,"href":"https:\/\/eldiariodesanpedro.com.ar\/sitio\/wp-json\/wp\/v2\/tags?post=103527"}],"curies":[{"name":"wp","href":"https:\/\/api.w.org\/{rel}","templated":true}]}}