{"id":103519,"date":"2022-01-28T14:36:17","date_gmt":"2022-01-28T17:36:17","guid":{"rendered":"https:\/\/eldiariodesanpedro.com.ar\/sitio\/?p=103519"},"modified":"2022-01-28T14:36:19","modified_gmt":"2022-01-28T17:36:19","slug":"delincuente-aprehendido-en-baradero-por-el-robo-de-un-comercio-en-san-pedro","status":"publish","type":"post","link":"https:\/\/eldiariodesanpedro.com.ar\/sitio\/delincuente-aprehendido-en-baradero-por-el-robo-de-un-comercio-en-san-pedro\/","title":{"rendered":"Delincuente aprehendido en Baradero por el robo de un comercio en San Pedro"},"content":{"rendered":"<!-- VideographyWP Plugin Message: Automatic video embedding prevented by plugin options. -->\n\n<p>En la tarde de ayer el personal policial del Gabinete Criminol\u00f3gico de la Comisar\u00eda diligenci\u00f3 orden de allanamiento y detenci\u00f3n para un delincuente por hecho de calificado acaecido en San Pedro el \u00faltimo fin de semana.&nbsp;<\/p>\n\n\n\n<p>La diligencia se dio en un domicilio particular de calle Segundo Sombra al 1900 de la vecina localidad de Baradero donde se detuvo con orden judicial a delincuente de 35 a\u00f1os de edad, de frondosos antecedentes.&nbsp;<\/p>\n\n\n\n<p>En la vivienda se le secuestr\u00f3 armas de fuego utilizada rev\u00f3lver calibre 32 y m\u00faltiples cartuchos, como as\u00ed prendas de vestir y zapatillas buscadas que utilizaba al momento hecho vest\u00eda el delincuente.&nbsp;<\/p>\n\n\n\n<p>El delincuente permanece alojado en la comisar\u00eda local imputado de robo calificado.&nbsp;<\/p>\n\n\n\n<p>El hecho inicial se dio en un comercio c\u00e9ntrico el s\u00e1bado por la tarde, cuando el delincuente ingres\u00f3 cuando estaba abierto al p\u00fablico y a punta de arma de fuego despojo a la comerciante mujer mayor de edad, de cartera con dinero en efectivo.&nbsp;<\/p>\n\n\n\n<p>Se analizaron c\u00e1maras de seguridad que condujeron a su individualizaci\u00f3n como as\u00ed tambi\u00e9n se recabaron datos y obtuvieron distintos elementos.&nbsp;<\/p>\n\n\n\n<p>Interviene la fiscal\u00eda 7 local\u00a0<\/p>\n\n\n\n<figure class=\"wp-block-image size-full\"><img decoding=\"async\" width=\"354\" height=\"630\" data-attachment-id=\"103521\" data-permalink=\"https:\/\/eldiariodesanpedro.com.ar\/sitio\/delincuente-aprehendido-en-baradero-por-el-robo-de-un-comercio-en-san-pedro\/whatsapp-image-2022-01-28-at-14-19-52\/\" data-orig-file=\"https:\/\/eldiariodesanpedro.com.ar\/sitio\/wp-content\/uploads\/2022\/01\/WhatsApp-Image-2022-01-28-at-14.19.52.jpeg\" data-orig-size=\"354,630\" data-comments-opened=\"0\" data-image-meta=\"{&quot;aperture&quot;:&quot;0&quot;,&quot;credit&quot;:&quot;&quot;,&quot;camera&quot;:&quot;&quot;,&quot;caption&quot;:&quot;&quot;,&quot;created_timestamp&quot;:&quot;0&quot;,&quot;copyright&quot;:&quot;&quot;,&quot;focal_length&quot;:&quot;0&quot;,&quot;iso&quot;:&quot;0&quot;,&quot;shutter_speed&quot;:&quot;0&quot;,&quot;title&quot;:&quot;&quot;,&quot;orientation&quot;:&quot;0&quot;}\" data-image-title=\"WhatsApp Image 2022-01-28 at 14.19.52\" data-image-description=\"\" data-image-caption=\"\" data-large-file=\"https:\/\/eldiariodesanpedro.com.ar\/sitio\/wp-content\/uploads\/2022\/01\/WhatsApp-Image-2022-01-28-at-14.19.52.jpeg\" data-src=\"https:\/\/eldiariodesanpedro.com.ar\/sitio\/wp-content\/uploads\/2022\/01\/WhatsApp-Image-2022-01-28-at-14.19.52.jpeg\" alt=\"\" class=\"wp-image-103521 lazyload\" data-srcset=\"https:\/\/eldiariodesanpedro.com.ar\/sitio\/wp-content\/uploads\/2022\/01\/WhatsApp-Image-2022-01-28-at-14.19.52.jpeg 354w, https:\/\/eldiariodesanpedro.com.ar\/sitio\/wp-content\/uploads\/2022\/01\/WhatsApp-Image-2022-01-28-at-14.19.52-169x300.jpeg 169w\" data-sizes=\"(max-width: 354px) 100vw, 354px\" src=\"data:image\/svg+xml;base64,PHN2ZyB3aWR0aD0iMSIgaGVpZ2h0PSIxIiB4bWxucz0iaHR0cDovL3d3dy53My5vcmcvMjAwMC9zdmciPjwvc3ZnPg==\" style=\"--smush-placeholder-width: 354px; --smush-placeholder-aspect-ratio: 354\/630;\" \/><\/figure>\n","protected":false},"excerpt":{"rendered":"<p>En la tarde de ayer el personal policial del Gabinete Criminol\u00f3gico de la Comisar\u00eda diligenci\u00f3 orden de allanamiento y detenci\u00f3n para un delincuente por hecho de calificado acaecido en San Pedro el \u00faltimo fin de semana.&nbsp; La diligencia se dio en un domicilio particular de calle Segundo Sombra al 1900 de la vecina localidad de [&hellip;]<\/p>\n","protected":false},"author":4,"featured_media":103520,"comment_status":"closed","ping_status":"closed","sticky":false,"template":"","format":"standard","meta":{"om_disable_all_campaigns":false,"_jetpack_memberships_contains_paid_content":false,"footnotes":""},"categories":[50,2,103],"tags":[197,33,95,19],"class_list":["post-103519","post","type-post","status-publish","format-standard","has-post-thumbnail","hentry","category-destacadas","category-locales","category-policiales-locales","tag-buenos-aires","tag-locales","tag-policiales","tag-san-pedro"],"aioseo_notices":[],"gutentor_comment":0,"jetpack_featured_media_url":"https:\/\/eldiariodesanpedro.com.ar\/sitio\/wp-content\/uploads\/2022\/01\/medida-29.jpg","jetpack_shortlink":"https:\/\/wp.me\/p6RhLt-qVF","jetpack_sharing_enabled":true,"_links":{"self":[{"href":"https:\/\/eldiariodesanpedro.com.ar\/sitio\/wp-json\/wp\/v2\/posts\/103519","targetHints":{"allow":["GET"]}}],"collection":[{"href":"https:\/\/eldiariodesanpedro.com.ar\/sitio\/wp-json\/wp\/v2\/posts"}],"about":[{"href":"https:\/\/eldiariodesanpedro.com.ar\/sitio\/wp-json\/wp\/v2\/types\/post"}],"author":[{"embeddable":true,"href":"https:\/\/eldiariodesanpedro.com.ar\/sitio\/wp-json\/wp\/v2\/users\/4"}],"replies":[{"embeddable":true,"href":"https:\/\/eldiariodesanpedro.com.ar\/sitio\/wp-json\/wp\/v2\/comments?post=103519"}],"version-history":[{"count":1,"href":"https:\/\/eldiariodesanpedro.com.ar\/sitio\/wp-json\/wp\/v2\/posts\/103519\/revisions"}],"predecessor-version":[{"id":103522,"href":"https:\/\/eldiariodesanpedro.com.ar\/sitio\/wp-json\/wp\/v2\/posts\/103519\/revisions\/103522"}],"wp:featuredmedia":[{"embeddable":true,"href":"https:\/\/eldiariodesanpedro.com.ar\/sitio\/wp-json\/wp\/v2\/media\/103520"}],"wp:attachment":[{"href":"https:\/\/eldiariodesanpedro.com.ar\/sitio\/wp-json\/wp\/v2\/media?parent=103519"}],"wp:term":[{"taxonomy":"category","embeddable":true,"href":"https:\/\/eldiariodesanpedro.com.ar\/sitio\/wp-json\/wp\/v2\/categories?post=103519"},{"taxonomy":"post_tag","embeddable":true,"href":"https:\/\/eldiariodesanpedro.com.ar\/sitio\/wp-json\/wp\/v2\/tags?post=103519"}],"curies":[{"name":"wp","href":"https:\/\/api.w.org\/{rel}","templated":true}]}}