{"id":103517,"date":"2022-01-28T14:15:43","date_gmt":"2022-01-28T17:15:43","guid":{"rendered":"https:\/\/eldiariodesanpedro.com.ar\/sitio\/?p=103517"},"modified":"2022-01-28T14:15:45","modified_gmt":"2022-01-28T17:15:45","slug":"un-joven-aprehendido-por-amenazar-y-agredir-a-su-tia","status":"publish","type":"post","link":"https:\/\/eldiariodesanpedro.com.ar\/sitio\/un-joven-aprehendido-por-amenazar-y-agredir-a-su-tia\/","title":{"rendered":"Un joven aprehendido por amenazar y agredir a su t\u00eda"},"content":{"rendered":"<!-- VideographyWP Plugin Message: Automatic video embedding prevented by plugin options. -->\n\n<p>Este jueves en horas de la tarde alrededor de las 14:30 hs el personal policial se hace presente en calle Ansaloni y Ruffa donde proceden a la aprehensi\u00f3n de&nbsp; un ciudadano de 27 a\u00f1os, quien se encontraba amenazando a su t\u00eda en el lugar, motivo problemas de vieja data.&nbsp;&nbsp;<\/p>\n\n\n\n<p>La mujer fue trasladada a la Comisaria de la Mujer y la Familia, a fin de radicar denuncia, el masculino alojado en dependencia local.&nbsp;<\/p>\n\n\n\n<p>Interviene ufi n\u00b0 07. dispuso car\u00e1tula ep\u00edgrafe y actuaciones de rigor.<\/p>\n","protected":false},"excerpt":{"rendered":"<p>Este jueves en horas de la tarde alrededor de las 14:30 hs el personal policial se hace presente en calle Ansaloni y Ruffa donde proceden a la aprehensi\u00f3n de&nbsp; un ciudadano de 27 a\u00f1os, quien se encontraba amenazando a su t\u00eda en el lugar, motivo problemas de vieja data.&nbsp;&nbsp; La mujer fue trasladada a la [&hellip;]<\/p>\n","protected":false},"author":4,"featured_media":66784,"comment_status":"closed","ping_status":"closed","sticky":false,"template":"","format":"standard","meta":{"om_disable_all_campaigns":false,"_jetpack_memberships_contains_paid_content":false,"footnotes":""},"categories":[2,103],"tags":[197,33,95,19],"class_list":["post-103517","post","type-post","status-publish","format-standard","has-post-thumbnail","hentry","category-locales","category-policiales-locales","tag-buenos-aires","tag-locales","tag-policiales","tag-san-pedro"],"aioseo_notices":[],"gutentor_comment":0,"jetpack_featured_media_url":"https:\/\/eldiariodesanpedro.com.ar\/sitio\/wp-content\/uploads\/2020\/01\/detenido-1.jpg","jetpack_shortlink":"https:\/\/wp.me\/p6RhLt-qVD","jetpack_sharing_enabled":true,"_links":{"self":[{"href":"https:\/\/eldiariodesanpedro.com.ar\/sitio\/wp-json\/wp\/v2\/posts\/103517","targetHints":{"allow":["GET"]}}],"collection":[{"href":"https:\/\/eldiariodesanpedro.com.ar\/sitio\/wp-json\/wp\/v2\/posts"}],"about":[{"href":"https:\/\/eldiariodesanpedro.com.ar\/sitio\/wp-json\/wp\/v2\/types\/post"}],"author":[{"embeddable":true,"href":"https:\/\/eldiariodesanpedro.com.ar\/sitio\/wp-json\/wp\/v2\/users\/4"}],"replies":[{"embeddable":true,"href":"https:\/\/eldiariodesanpedro.com.ar\/sitio\/wp-json\/wp\/v2\/comments?post=103517"}],"version-history":[{"count":1,"href":"https:\/\/eldiariodesanpedro.com.ar\/sitio\/wp-json\/wp\/v2\/posts\/103517\/revisions"}],"predecessor-version":[{"id":103518,"href":"https:\/\/eldiariodesanpedro.com.ar\/sitio\/wp-json\/wp\/v2\/posts\/103517\/revisions\/103518"}],"wp:featuredmedia":[{"embeddable":true,"href":"https:\/\/eldiariodesanpedro.com.ar\/sitio\/wp-json\/wp\/v2\/media\/66784"}],"wp:attachment":[{"href":"https:\/\/eldiariodesanpedro.com.ar\/sitio\/wp-json\/wp\/v2\/media?parent=103517"}],"wp:term":[{"taxonomy":"category","embeddable":true,"href":"https:\/\/eldiariodesanpedro.com.ar\/sitio\/wp-json\/wp\/v2\/categories?post=103517"},{"taxonomy":"post_tag","embeddable":true,"href":"https:\/\/eldiariodesanpedro.com.ar\/sitio\/wp-json\/wp\/v2\/tags?post=103517"}],"curies":[{"name":"wp","href":"https:\/\/api.w.org\/{rel}","templated":true}]}}