{"id":103506,"date":"2022-01-28T13:49:15","date_gmt":"2022-01-28T16:49:15","guid":{"rendered":"https:\/\/eldiariodesanpedro.com.ar\/sitio\/?p=103506"},"modified":"2022-01-28T13:49:57","modified_gmt":"2022-01-28T16:49:57","slug":"aprehendidos-detenidos-y-secuestro-de-elementos-de-vital-importancia-para-el-esclarecimiento-del-robo-a-la-finca-del-empresario-andrean","status":"publish","type":"post","link":"https:\/\/eldiariodesanpedro.com.ar\/sitio\/aprehendidos-detenidos-y-secuestro-de-elementos-de-vital-importancia-para-el-esclarecimiento-del-robo-a-la-finca-del-empresario-andrean\/","title":{"rendered":"Aprehendidos, detenidos y secuestro de elementos de vital importancia para el esclarecimiento del robo a la finca del empresario Andreani"},"content":{"rendered":"<!-- VideographyWP Plugin Message: Automatic video embedding prevented by plugin options. -->\n\n<p>En la jornada de hoy se realiz\u00f3 la detenci\u00f3n de seis personas y tres aprehendidos quienes est\u00e1n acusadas de ser part\u00edcipes del robo a la finca del empresario Andreani, en el marco de el hecho caratulado como \u201crobo doblemente calificado con uso de arma de fuego, despoblado y en banda\u201d que ocurri\u00f3 el pasado d\u00eda 24 de enero.<\/p>\n\n\n\n<p>Este viernes en horas de la madrugada tras arduas tareas investigativas realizadas por Gabinete Criminol\u00f3gico de la Comisar\u00eda, an\u00e1lisis c\u00e1maras de seguridad, datos recabados, se solicitaron sendas \u00f3rdenes allanamiento y detenci\u00f3n para los&nbsp; imputados.&nbsp;<\/p>\n\n\n\n<p>Extendidas por la justicia ordinaria de San Nicol\u00e1s fueron diligenciadas en la madrugada de hoy por personal y medios propios y subdependencias, juntamente con DDI, GAD, CPR, y comisar\u00edas del \u00e1mbito departamental,en un amplio operativo policial con m\u00e1s de 100 hombres donde hubo 8 diligencias.&nbsp;<\/p>\n\n\n\n<p>Seg\u00fan se inform\u00f3 en el objetivo N\u00ba 1 se realiz\u00f3 en calle Independencia al 2300 donde se detuvo a un ciudadano de 33 a\u00f1os,&nbsp; el siguien fue en bajo puerto donde se detuvo a masculino de 39 a\u00f1os, otro objetivo en La Tosquera donde se detuvo a joven de 21 a\u00f1os, otro objetivo se aprehendi\u00f3 ciudadano de 59 a\u00f1os, otro en calles Frers s\/n det\u00favose masculino 30 a\u00f1os, otro en la Tosquera aprehendido de 26 a\u00f1os, tambi\u00e9n en La Tosquera&nbsp; se detuvo a mascullino de 25 a\u00f1os y por \u00faltimo tambi\u00e9n en la Tosquera camino del basural se detuvo a un ciudadano de 22 a\u00f1os y&nbsp; aprehendido su padre de 61 a\u00f1os, quedando todos imputados en la causa y alojados en la comisar\u00eda local.<\/p>\n\n\n\n<p>Se logr\u00f3 el secuestro de 6 plantas marihuana, cargador de pistola con 15 cartuchos distintos calibres, un handy con frecuencia policial, 42 tel\u00e9fonos celulares, u$s 100, chaleco portante de polic\u00eda, 26000 pesos en efectivo moneda nacional, pistolon sin marca ni numeraci\u00f3n, rifle aire comprimido, prendas vestir utilizadas por los delincuentes, tv plasma 24 pulgadas, revolver calibre 32 y 4 cartuchos intactos, linterna, picana, bolsas arpilleras buscadas, pistola 635 con cargador y 3 cartuchos intactos, CPU, alhajas varias y guantes usados.<\/p>\n\n\n\n<figure class=\"wp-block-image size-full\"><img decoding=\"async\" width=\"840\" height=\"630\" data-attachment-id=\"103509\" data-permalink=\"https:\/\/eldiariodesanpedro.com.ar\/sitio\/aprehendidos-detenidos-y-secuestro-de-elementos-de-vital-importancia-para-el-esclarecimiento-del-robo-a-la-finca-del-empresario-andrean\/272819868_2195199373951881_5769573482900376512_n\/\" data-orig-file=\"https:\/\/eldiariodesanpedro.com.ar\/sitio\/wp-content\/uploads\/2022\/01\/272819868_2195199373951881_5769573482900376512_n.jpg\" data-orig-size=\"840,630\" data-comments-opened=\"0\" data-image-meta=\"{&quot;aperture&quot;:&quot;0&quot;,&quot;credit&quot;:&quot;&quot;,&quot;camera&quot;:&quot;&quot;,&quot;caption&quot;:&quot;&quot;,&quot;created_timestamp&quot;:&quot;0&quot;,&quot;copyright&quot;:&quot;&quot;,&quot;focal_length&quot;:&quot;0&quot;,&quot;iso&quot;:&quot;0&quot;,&quot;shutter_speed&quot;:&quot;0&quot;,&quot;title&quot;:&quot;&quot;,&quot;orientation&quot;:&quot;0&quot;}\" data-image-title=\"272819868_2195199373951881_5769573482900376512_n\" data-image-description=\"\" data-image-caption=\"\" data-large-file=\"https:\/\/eldiariodesanpedro.com.ar\/sitio\/wp-content\/uploads\/2022\/01\/272819868_2195199373951881_5769573482900376512_n.jpg\" data-src=\"https:\/\/eldiariodesanpedro.com.ar\/sitio\/wp-content\/uploads\/2022\/01\/272819868_2195199373951881_5769573482900376512_n.jpg\" alt=\"\" class=\"wp-image-103509 lazyload\" data-srcset=\"https:\/\/eldiariodesanpedro.com.ar\/sitio\/wp-content\/uploads\/2022\/01\/272819868_2195199373951881_5769573482900376512_n.jpg 840w, https:\/\/eldiariodesanpedro.com.ar\/sitio\/wp-content\/uploads\/2022\/01\/272819868_2195199373951881_5769573482900376512_n-300x225.jpg 300w, https:\/\/eldiariodesanpedro.com.ar\/sitio\/wp-content\/uploads\/2022\/01\/272819868_2195199373951881_5769573482900376512_n-768x576.jpg 768w, https:\/\/eldiariodesanpedro.com.ar\/sitio\/wp-content\/uploads\/2022\/01\/272819868_2195199373951881_5769573482900376512_n-500x375.jpg 500w\" data-sizes=\"(max-width: 840px) 100vw, 840px\" src=\"data:image\/svg+xml;base64,PHN2ZyB3aWR0aD0iMSIgaGVpZ2h0PSIxIiB4bWxucz0iaHR0cDovL3d3dy53My5vcmcvMjAwMC9zdmciPjwvc3ZnPg==\" style=\"--smush-placeholder-width: 840px; --smush-placeholder-aspect-ratio: 840\/630;\" \/><\/figure>\n\n\n\n<figure class=\"wp-block-image size-full\"><img decoding=\"async\" width=\"473\" height=\"630\" data-attachment-id=\"103513\" data-permalink=\"https:\/\/eldiariodesanpedro.com.ar\/sitio\/aprehendidos-detenidos-y-secuestro-de-elementos-de-vital-importancia-para-el-esclarecimiento-del-robo-a-la-finca-del-empresario-andrean\/272905600_2195199040618581_3956387988387765780_n\/\" data-orig-file=\"https:\/\/eldiariodesanpedro.com.ar\/sitio\/wp-content\/uploads\/2022\/01\/272905600_2195199040618581_3956387988387765780_n.jpg\" data-orig-size=\"473,630\" data-comments-opened=\"0\" data-image-meta=\"{&quot;aperture&quot;:&quot;0&quot;,&quot;credit&quot;:&quot;&quot;,&quot;camera&quot;:&quot;&quot;,&quot;caption&quot;:&quot;&quot;,&quot;created_timestamp&quot;:&quot;0&quot;,&quot;copyright&quot;:&quot;&quot;,&quot;focal_length&quot;:&quot;0&quot;,&quot;iso&quot;:&quot;0&quot;,&quot;shutter_speed&quot;:&quot;0&quot;,&quot;title&quot;:&quot;&quot;,&quot;orientation&quot;:&quot;0&quot;}\" data-image-title=\"272905600_2195199040618581_3956387988387765780_n\" data-image-description=\"\" data-image-caption=\"\" data-large-file=\"https:\/\/eldiariodesanpedro.com.ar\/sitio\/wp-content\/uploads\/2022\/01\/272905600_2195199040618581_3956387988387765780_n.jpg\" data-src=\"https:\/\/eldiariodesanpedro.com.ar\/sitio\/wp-content\/uploads\/2022\/01\/272905600_2195199040618581_3956387988387765780_n.jpg\" alt=\"\" class=\"wp-image-103513 lazyload\" data-srcset=\"https:\/\/eldiariodesanpedro.com.ar\/sitio\/wp-content\/uploads\/2022\/01\/272905600_2195199040618581_3956387988387765780_n.jpg 473w, https:\/\/eldiariodesanpedro.com.ar\/sitio\/wp-content\/uploads\/2022\/01\/272905600_2195199040618581_3956387988387765780_n-225x300.jpg 225w\" data-sizes=\"(max-width: 473px) 100vw, 473px\" src=\"data:image\/svg+xml;base64,PHN2ZyB3aWR0aD0iMSIgaGVpZ2h0PSIxIiB4bWxucz0iaHR0cDovL3d3dy53My5vcmcvMjAwMC9zdmciPjwvc3ZnPg==\" style=\"--smush-placeholder-width: 473px; --smush-placeholder-aspect-ratio: 473\/630;\" \/><\/figure>\n","protected":false},"excerpt":{"rendered":"<p>En la jornada de hoy se realiz\u00f3 la detenci\u00f3n de seis personas y tres aprehendidos quienes est\u00e1n acusadas de ser part\u00edcipes del robo a la finca del empresario Andreani, en el marco de el hecho caratulado como \u201crobo doblemente calificado con uso de arma de fuego, despoblado y en banda\u201d que ocurri\u00f3 el pasado d\u00eda [&hellip;]<\/p>\n","protected":false},"author":4,"featured_media":103512,"comment_status":"closed","ping_status":"closed","sticky":false,"template":"","format":"standard","meta":{"om_disable_all_campaigns":false,"_jetpack_memberships_contains_paid_content":false,"footnotes":""},"categories":[50,2,103],"tags":[935,197,2639,696,33,95,19],"class_list":["post-103506","post","type-post","status-publish","format-standard","has-post-thumbnail","hentry","category-destacadas","category-locales","category-policiales-locales","tag-aprehendidos","tag-buenos-aires","tag-detenidos-y-secuestro-de-elementos-de-vital-importancia-para-el-esclarecimiento-del-robo-a-la-finca-del-empresario-andrean","tag-interes-general","tag-locales","tag-policiales","tag-san-pedro"],"aioseo_notices":[],"gutentor_comment":0,"jetpack_featured_media_url":"https:\/\/eldiariodesanpedro.com.ar\/sitio\/wp-content\/uploads\/2022\/01\/272870684_2195199290618556_4535367177081907792_n.jpg","jetpack_shortlink":"https:\/\/wp.me\/p6RhLt-qVs","jetpack_sharing_enabled":true,"_links":{"self":[{"href":"https:\/\/eldiariodesanpedro.com.ar\/sitio\/wp-json\/wp\/v2\/posts\/103506","targetHints":{"allow":["GET"]}}],"collection":[{"href":"https:\/\/eldiariodesanpedro.com.ar\/sitio\/wp-json\/wp\/v2\/posts"}],"about":[{"href":"https:\/\/eldiariodesanpedro.com.ar\/sitio\/wp-json\/wp\/v2\/types\/post"}],"author":[{"embeddable":true,"href":"https:\/\/eldiariodesanpedro.com.ar\/sitio\/wp-json\/wp\/v2\/users\/4"}],"replies":[{"embeddable":true,"href":"https:\/\/eldiariodesanpedro.com.ar\/sitio\/wp-json\/wp\/v2\/comments?post=103506"}],"version-history":[{"count":2,"href":"https:\/\/eldiariodesanpedro.com.ar\/sitio\/wp-json\/wp\/v2\/posts\/103506\/revisions"}],"predecessor-version":[{"id":103516,"href":"https:\/\/eldiariodesanpedro.com.ar\/sitio\/wp-json\/wp\/v2\/posts\/103506\/revisions\/103516"}],"wp:featuredmedia":[{"embeddable":true,"href":"https:\/\/eldiariodesanpedro.com.ar\/sitio\/wp-json\/wp\/v2\/media\/103512"}],"wp:attachment":[{"href":"https:\/\/eldiariodesanpedro.com.ar\/sitio\/wp-json\/wp\/v2\/media?parent=103506"}],"wp:term":[{"taxonomy":"category","embeddable":true,"href":"https:\/\/eldiariodesanpedro.com.ar\/sitio\/wp-json\/wp\/v2\/categories?post=103506"},{"taxonomy":"post_tag","embeddable":true,"href":"https:\/\/eldiariodesanpedro.com.ar\/sitio\/wp-json\/wp\/v2\/tags?post=103506"}],"curies":[{"name":"wp","href":"https:\/\/api.w.org\/{rel}","templated":true}]}}