{"id":103503,"date":"2022-01-28T13:07:24","date_gmt":"2022-01-28T16:07:24","guid":{"rendered":"https:\/\/eldiariodesanpedro.com.ar\/sitio\/?p=103503"},"modified":"2022-01-28T13:07:26","modified_gmt":"2022-01-28T16:07:26","slug":"una-mujer-denuncio-ser-abusada-tras-haber-sido-drogada-y-alcoholizada-por-lo-que-se-llevo-a-cabo-una-detencion-de-un-joven","status":"publish","type":"post","link":"https:\/\/eldiariodesanpedro.com.ar\/sitio\/una-mujer-denuncio-ser-abusada-tras-haber-sido-drogada-y-alcoholizada-por-lo-que-se-llevo-a-cabo-una-detencion-de-un-joven\/","title":{"rendered":"Una mujer denunci\u00f3 ser abusada tras haber sido drogada y alcoholizada, por lo que se llev\u00f3 a cabo una detenci\u00f3n de un joven"},"content":{"rendered":"<!-- VideographyWP Plugin Message: Automatic video embedding prevented by plugin options. -->\n\n<p>Personal de la Sub DDI San Pedro Baradero detuvo en la noche de este jueves en calle Ansaloni al 2000 a un ciudadano denunciado de abuso sexual con acceso carnal agravado.<\/p>\n\n\n\n<p>Todo comenz\u00f3 con la denuncia de una joven en la Comisaria de la Mujer y la Familia quien denunci\u00f3 a un muchacho de 27 a\u00f1os de edad quien habr\u00eda abusado sexualmente previamente siendo alcoholizada y drogada.&nbsp;<\/p>\n\n\n\n<p>Tras realizarle ex\u00e1menes m\u00e9dicos a la denunciante y tomar declaraciones y ser analizada por c\u00e1maras de seguridad se estableci\u00f3&nbsp; la identidad del denunciado, se certific\u00f3 el domicilio y se llev\u00f3 a cabo la detenci\u00f3n, junto con secuestros de inter\u00e9s para la causa.<\/p>\n\n\n\n<p>La v\u00edctima fue asistida por la Secretaria de politicas de Genero a cargo de Laura Monfasani y la Comisar\u00eda de la Mujer y la Familia a cargo de la Oficial Principal Mariana Aguila<\/p>\n","protected":false},"excerpt":{"rendered":"<p>Personal de la Sub DDI San Pedro Baradero detuvo en la noche de este jueves en calle Ansaloni al 2000 a un ciudadano denunciado de abuso sexual con acceso carnal agravado. Todo comenz\u00f3 con la denuncia de una joven en la Comisaria de la Mujer y la Familia quien denunci\u00f3 a un muchacho de 27 [&hellip;]<\/p>\n","protected":false},"author":4,"featured_media":103504,"comment_status":"closed","ping_status":"closed","sticky":false,"template":"","format":"standard","meta":{"om_disable_all_campaigns":false,"_jetpack_memberships_contains_paid_content":false,"footnotes":""},"categories":[50,2,103],"tags":[197,696,33,19],"class_list":["post-103503","post","type-post","status-publish","format-standard","has-post-thumbnail","hentry","category-destacadas","category-locales","category-policiales-locales","tag-buenos-aires","tag-interes-general","tag-locales","tag-san-pedro"],"aioseo_notices":[],"gutentor_comment":0,"jetpack_featured_media_url":"https:\/\/eldiariodesanpedro.com.ar\/sitio\/wp-content\/uploads\/2022\/01\/medida-28.jpg","jetpack_shortlink":"https:\/\/wp.me\/p6RhLt-qVp","jetpack_sharing_enabled":true,"_links":{"self":[{"href":"https:\/\/eldiariodesanpedro.com.ar\/sitio\/wp-json\/wp\/v2\/posts\/103503","targetHints":{"allow":["GET"]}}],"collection":[{"href":"https:\/\/eldiariodesanpedro.com.ar\/sitio\/wp-json\/wp\/v2\/posts"}],"about":[{"href":"https:\/\/eldiariodesanpedro.com.ar\/sitio\/wp-json\/wp\/v2\/types\/post"}],"author":[{"embeddable":true,"href":"https:\/\/eldiariodesanpedro.com.ar\/sitio\/wp-json\/wp\/v2\/users\/4"}],"replies":[{"embeddable":true,"href":"https:\/\/eldiariodesanpedro.com.ar\/sitio\/wp-json\/wp\/v2\/comments?post=103503"}],"version-history":[{"count":1,"href":"https:\/\/eldiariodesanpedro.com.ar\/sitio\/wp-json\/wp\/v2\/posts\/103503\/revisions"}],"predecessor-version":[{"id":103505,"href":"https:\/\/eldiariodesanpedro.com.ar\/sitio\/wp-json\/wp\/v2\/posts\/103503\/revisions\/103505"}],"wp:featuredmedia":[{"embeddable":true,"href":"https:\/\/eldiariodesanpedro.com.ar\/sitio\/wp-json\/wp\/v2\/media\/103504"}],"wp:attachment":[{"href":"https:\/\/eldiariodesanpedro.com.ar\/sitio\/wp-json\/wp\/v2\/media?parent=103503"}],"wp:term":[{"taxonomy":"category","embeddable":true,"href":"https:\/\/eldiariodesanpedro.com.ar\/sitio\/wp-json\/wp\/v2\/categories?post=103503"},{"taxonomy":"post_tag","embeddable":true,"href":"https:\/\/eldiariodesanpedro.com.ar\/sitio\/wp-json\/wp\/v2\/tags?post=103503"}],"curies":[{"name":"wp","href":"https:\/\/api.w.org\/{rel}","templated":true}]}}