{"id":103485,"date":"2022-01-28T10:15:00","date_gmt":"2022-01-28T13:15:00","guid":{"rendered":"https:\/\/eldiariodesanpedro.com.ar\/sitio\/?p=103485"},"modified":"2022-01-28T10:15:07","modified_gmt":"2022-01-28T13:15:07","slug":"actividades-para-este-fin-de-semana","status":"publish","type":"post","link":"https:\/\/eldiariodesanpedro.com.ar\/sitio\/actividades-para-este-fin-de-semana\/","title":{"rendered":"Actividades para este fin de semana"},"content":{"rendered":"<!-- VideographyWP Plugin Message: Automatic video embedding prevented by plugin options. -->\n\n<p>La Municipalidad de San Pedro, a trav\u00e9s de la Secretar\u00eda de Turismo y Cultura informa las actividades previstas para este fin de semana en la ciudad que incluyen la Peatonal de Verano, jornadas teatrales y el Festival del Verano en el Paseo P\u00fablico.<\/p>\n\n\n\n<p>Este jueves 27 a las 21.30 en Sala Cuarta Pared se realizar\u00e1 la obra \u201cLombrices\u201d con las actuaciones de Salcho Gonzales y Chich\u00f3n Gonzales, se trata de una comedia negra de Pablo Albarello con la direcci\u00f3n de Emilia Ravettino.<\/p>\n\n\n\n<p>Los d\u00edas s\u00e1bado y domingo se desarrollar\u00e1 la Peatonal del Verano en la zona c\u00e9ntrica llevadas a cabo en conjunto desde la Secretar\u00eda de Turismo y Cultura, la Direcci\u00f3n de Tr\u00e1nsito y la C\u00e1mara de Turismo del Centro de Comercio. A partir de las 20 se llevar\u00e1n a cabo cortes en las calles Mitre, desde R. Obligado hasta Plaza Constituci\u00f3n y Pellegrini, desde R. Obligado hasta San Mart\u00edn. Contar\u00e1 con shows musicales, variadas ofertas gastron\u00f3micas y feria entre las actividades propuestas. Adem\u00e1s, se proceder\u00e1 a disponer la Av. 11 de septiembre entre el 100 y la costanera para circulaci\u00f3n peatonal y el desarrollo de las actividades previstas.<\/p>\n\n\n\n<p>El s\u00e1bado 29 en el predio de Mansa Lyfe se realizar\u00e1n las obras \u201cHisopad\u00edsimos\u201d con Carmen Barbieri y Alejandro Cupit\u00f3 a las 22.00 hs. y el Reality que encabeza Marcelo Polino junto a Marcela Tauro \u201cTalentos de San Pedro\u201d a las 23.30 hs. Las entradas para las dos obras se pueden adquirir en el Centro Cultural Abelardo Castillo ubicado en calle 25 de mayo 848 o en la boleter\u00eda del espect\u00e1culo el mismo d\u00eda de la funci\u00f3n.<\/p>\n\n\n\n<p>El domingo 30, a partir de las 17 en el Paseo P\u00fablico se llevar\u00e1 a cabo el Festival del Verano que contar\u00e1 con las actuaciones de Jorge \u201cToro\u201d Quevedo, Mart\u00edn Paz, Horacio Guaran\u00ed Rodr\u00edguez, Claudio Mart\u00edn, Joaqu\u00edn Churruar\u00edn, el Ballet Municipal y los grupos de baile de m\u00fasica comercial A todo Ritmo, Pasi\u00f3n Comercial, Somos Comercial y Baila Comercial. Tambi\u00e9n se podr\u00e1 disfrutar de una feria de artesanos y cantina desde el mediod\u00eda<\/p>\n\n\n\n<div class=\"wp-block-image\"><figure class=\"aligncenter size-full is-resized\"><img decoding=\"async\" data-attachment-id=\"103486\" data-permalink=\"https:\/\/eldiariodesanpedro.com.ar\/sitio\/actividades-para-este-fin-de-semana\/whatsapp-image-2022-01-27-at-12-18-02\/\" data-orig-file=\"https:\/\/eldiariodesanpedro.com.ar\/sitio\/wp-content\/uploads\/2022\/01\/WhatsApp-Image-2022-01-27-at-12.18.02.jpeg\" data-orig-size=\"630,630\" data-comments-opened=\"0\" data-image-meta=\"{&quot;aperture&quot;:&quot;0&quot;,&quot;credit&quot;:&quot;&quot;,&quot;camera&quot;:&quot;&quot;,&quot;caption&quot;:&quot;&quot;,&quot;created_timestamp&quot;:&quot;0&quot;,&quot;copyright&quot;:&quot;&quot;,&quot;focal_length&quot;:&quot;0&quot;,&quot;iso&quot;:&quot;0&quot;,&quot;shutter_speed&quot;:&quot;0&quot;,&quot;title&quot;:&quot;&quot;,&quot;orientation&quot;:&quot;0&quot;}\" data-image-title=\"WhatsApp-Image-2022-01-27-at-12.18.02\" data-image-description=\"\" data-image-caption=\"\" data-large-file=\"https:\/\/eldiariodesanpedro.com.ar\/sitio\/wp-content\/uploads\/2022\/01\/WhatsApp-Image-2022-01-27-at-12.18.02.jpeg\" data-src=\"https:\/\/eldiariodesanpedro.com.ar\/sitio\/wp-content\/uploads\/2022\/01\/WhatsApp-Image-2022-01-27-at-12.18.02.jpeg\" alt=\"\" class=\"wp-image-103486 lazyload\" width=\"523\" height=\"523\" data-srcset=\"https:\/\/eldiariodesanpedro.com.ar\/sitio\/wp-content\/uploads\/2022\/01\/WhatsApp-Image-2022-01-27-at-12.18.02.jpeg 630w, https:\/\/eldiariodesanpedro.com.ar\/sitio\/wp-content\/uploads\/2022\/01\/WhatsApp-Image-2022-01-27-at-12.18.02-300x300.jpeg 300w, https:\/\/eldiariodesanpedro.com.ar\/sitio\/wp-content\/uploads\/2022\/01\/WhatsApp-Image-2022-01-27-at-12.18.02-150x150.jpeg 150w\" data-sizes=\"(max-width: 523px) 100vw, 523px\" src=\"data:image\/svg+xml;base64,PHN2ZyB3aWR0aD0iMSIgaGVpZ2h0PSIxIiB4bWxucz0iaHR0cDovL3d3dy53My5vcmcvMjAwMC9zdmciPjwvc3ZnPg==\" style=\"--smush-placeholder-width: 523px; --smush-placeholder-aspect-ratio: 523\/523;\" \/><\/figure><\/div>\n\n\n\n<div class=\"wp-block-image\"><figure class=\"aligncenter size-full\"><img decoding=\"async\" width=\"526\" height=\"526\" data-attachment-id=\"103487\" data-permalink=\"https:\/\/eldiariodesanpedro.com.ar\/sitio\/actividades-para-este-fin-de-semana\/whatsapp-image-2022-01-27-at-12-18-04-1\/\" data-orig-file=\"https:\/\/eldiariodesanpedro.com.ar\/sitio\/wp-content\/uploads\/2022\/01\/WhatsApp-Image-2022-01-27-at-12.18.04-1.jpeg\" data-orig-size=\"526,526\" data-comments-opened=\"0\" data-image-meta=\"{&quot;aperture&quot;:&quot;0&quot;,&quot;credit&quot;:&quot;&quot;,&quot;camera&quot;:&quot;&quot;,&quot;caption&quot;:&quot;&quot;,&quot;created_timestamp&quot;:&quot;0&quot;,&quot;copyright&quot;:&quot;&quot;,&quot;focal_length&quot;:&quot;0&quot;,&quot;iso&quot;:&quot;0&quot;,&quot;shutter_speed&quot;:&quot;0&quot;,&quot;title&quot;:&quot;&quot;,&quot;orientation&quot;:&quot;0&quot;}\" data-image-title=\"WhatsApp-Image-2022-01-27-at-12.18.04-1\" data-image-description=\"\" data-image-caption=\"\" data-large-file=\"https:\/\/eldiariodesanpedro.com.ar\/sitio\/wp-content\/uploads\/2022\/01\/WhatsApp-Image-2022-01-27-at-12.18.04-1.jpeg\" data-src=\"https:\/\/eldiariodesanpedro.com.ar\/sitio\/wp-content\/uploads\/2022\/01\/WhatsApp-Image-2022-01-27-at-12.18.04-1.jpeg\" alt=\"\" class=\"wp-image-103487 lazyload\" data-srcset=\"https:\/\/eldiariodesanpedro.com.ar\/sitio\/wp-content\/uploads\/2022\/01\/WhatsApp-Image-2022-01-27-at-12.18.04-1.jpeg 526w, https:\/\/eldiariodesanpedro.com.ar\/sitio\/wp-content\/uploads\/2022\/01\/WhatsApp-Image-2022-01-27-at-12.18.04-1-300x300.jpeg 300w, https:\/\/eldiariodesanpedro.com.ar\/sitio\/wp-content\/uploads\/2022\/01\/WhatsApp-Image-2022-01-27-at-12.18.04-1-150x150.jpeg 150w\" data-sizes=\"(max-width: 526px) 100vw, 526px\" src=\"data:image\/svg+xml;base64,PHN2ZyB3aWR0aD0iMSIgaGVpZ2h0PSIxIiB4bWxucz0iaHR0cDovL3d3dy53My5vcmcvMjAwMC9zdmciPjwvc3ZnPg==\" style=\"--smush-placeholder-width: 526px; --smush-placeholder-aspect-ratio: 526\/526;\" \/><\/figure><\/div>\n\n\n\n<div class=\"wp-block-image\"><figure class=\"aligncenter size-full\"><img decoding=\"async\" width=\"526\" height=\"526\" data-attachment-id=\"103488\" data-permalink=\"https:\/\/eldiariodesanpedro.com.ar\/sitio\/actividades-para-este-fin-de-semana\/whatsapp-image-2022-01-27-at-12-18-04\/\" data-orig-file=\"https:\/\/eldiariodesanpedro.com.ar\/sitio\/wp-content\/uploads\/2022\/01\/WhatsApp-Image-2022-01-27-at-12.18.04.jpeg\" data-orig-size=\"526,526\" data-comments-opened=\"0\" data-image-meta=\"{&quot;aperture&quot;:&quot;0&quot;,&quot;credit&quot;:&quot;&quot;,&quot;camera&quot;:&quot;&quot;,&quot;caption&quot;:&quot;&quot;,&quot;created_timestamp&quot;:&quot;0&quot;,&quot;copyright&quot;:&quot;&quot;,&quot;focal_length&quot;:&quot;0&quot;,&quot;iso&quot;:&quot;0&quot;,&quot;shutter_speed&quot;:&quot;0&quot;,&quot;title&quot;:&quot;&quot;,&quot;orientation&quot;:&quot;0&quot;}\" data-image-title=\"WhatsApp-Image-2022-01-27-at-12.18.04\" data-image-description=\"\" data-image-caption=\"\" data-large-file=\"https:\/\/eldiariodesanpedro.com.ar\/sitio\/wp-content\/uploads\/2022\/01\/WhatsApp-Image-2022-01-27-at-12.18.04.jpeg\" data-src=\"https:\/\/eldiariodesanpedro.com.ar\/sitio\/wp-content\/uploads\/2022\/01\/WhatsApp-Image-2022-01-27-at-12.18.04.jpeg\" alt=\"\" class=\"wp-image-103488 lazyload\" data-srcset=\"https:\/\/eldiariodesanpedro.com.ar\/sitio\/wp-content\/uploads\/2022\/01\/WhatsApp-Image-2022-01-27-at-12.18.04.jpeg 526w, https:\/\/eldiariodesanpedro.com.ar\/sitio\/wp-content\/uploads\/2022\/01\/WhatsApp-Image-2022-01-27-at-12.18.04-300x300.jpeg 300w, https:\/\/eldiariodesanpedro.com.ar\/sitio\/wp-content\/uploads\/2022\/01\/WhatsApp-Image-2022-01-27-at-12.18.04-150x150.jpeg 150w\" data-sizes=\"(max-width: 526px) 100vw, 526px\" src=\"data:image\/svg+xml;base64,PHN2ZyB3aWR0aD0iMSIgaGVpZ2h0PSIxIiB4bWxucz0iaHR0cDovL3d3dy53My5vcmcvMjAwMC9zdmciPjwvc3ZnPg==\" style=\"--smush-placeholder-width: 526px; --smush-placeholder-aspect-ratio: 526\/526;\" \/><\/figure><\/div>\n\n\n\n<div class=\"wp-block-image\"><figure class=\"aligncenter size-full\"><img decoding=\"async\" width=\"526\" height=\"531\" data-attachment-id=\"103489\" data-permalink=\"https:\/\/eldiariodesanpedro.com.ar\/sitio\/actividades-para-este-fin-de-semana\/whatsapp-image-2022-01-27-at-12-18-05\/\" data-orig-file=\"https:\/\/eldiariodesanpedro.com.ar\/sitio\/wp-content\/uploads\/2022\/01\/WhatsApp-Image-2022-01-27-at-12.18.05.jpeg\" data-orig-size=\"526,531\" data-comments-opened=\"0\" data-image-meta=\"{&quot;aperture&quot;:&quot;0&quot;,&quot;credit&quot;:&quot;&quot;,&quot;camera&quot;:&quot;&quot;,&quot;caption&quot;:&quot;&quot;,&quot;created_timestamp&quot;:&quot;0&quot;,&quot;copyright&quot;:&quot;&quot;,&quot;focal_length&quot;:&quot;0&quot;,&quot;iso&quot;:&quot;0&quot;,&quot;shutter_speed&quot;:&quot;0&quot;,&quot;title&quot;:&quot;&quot;,&quot;orientation&quot;:&quot;0&quot;}\" data-image-title=\"WhatsApp Image 2022-01-27 at 12.18.05\" data-image-description=\"\" data-image-caption=\"\" data-large-file=\"https:\/\/eldiariodesanpedro.com.ar\/sitio\/wp-content\/uploads\/2022\/01\/WhatsApp-Image-2022-01-27-at-12.18.05.jpeg\" data-src=\"https:\/\/eldiariodesanpedro.com.ar\/sitio\/wp-content\/uploads\/2022\/01\/WhatsApp-Image-2022-01-27-at-12.18.05.jpeg\" alt=\"\" class=\"wp-image-103489 lazyload\" data-srcset=\"https:\/\/eldiariodesanpedro.com.ar\/sitio\/wp-content\/uploads\/2022\/01\/WhatsApp-Image-2022-01-27-at-12.18.05.jpeg 526w, https:\/\/eldiariodesanpedro.com.ar\/sitio\/wp-content\/uploads\/2022\/01\/WhatsApp-Image-2022-01-27-at-12.18.05-297x300.jpeg 297w, https:\/\/eldiariodesanpedro.com.ar\/sitio\/wp-content\/uploads\/2022\/01\/WhatsApp-Image-2022-01-27-at-12.18.05-150x150.jpeg 150w\" data-sizes=\"(max-width: 526px) 100vw, 526px\" src=\"data:image\/svg+xml;base64,PHN2ZyB3aWR0aD0iMSIgaGVpZ2h0PSIxIiB4bWxucz0iaHR0cDovL3d3dy53My5vcmcvMjAwMC9zdmciPjwvc3ZnPg==\" style=\"--smush-placeholder-width: 526px; --smush-placeholder-aspect-ratio: 526\/531;\" \/><\/figure><\/div>\n\n\n\n<div class=\"wp-block-image\"><figure class=\"aligncenter size-full\"><img decoding=\"async\" width=\"526\" height=\"526\" data-attachment-id=\"103490\" data-permalink=\"https:\/\/eldiariodesanpedro.com.ar\/sitio\/actividades-para-este-fin-de-semana\/whatsapp-image-2022-01-27-at-12-18-06\/\" data-orig-file=\"https:\/\/eldiariodesanpedro.com.ar\/sitio\/wp-content\/uploads\/2022\/01\/WhatsApp-Image-2022-01-27-at-12.18.06.jpeg\" data-orig-size=\"526,526\" data-comments-opened=\"0\" data-image-meta=\"{&quot;aperture&quot;:&quot;0&quot;,&quot;credit&quot;:&quot;&quot;,&quot;camera&quot;:&quot;&quot;,&quot;caption&quot;:&quot;&quot;,&quot;created_timestamp&quot;:&quot;0&quot;,&quot;copyright&quot;:&quot;&quot;,&quot;focal_length&quot;:&quot;0&quot;,&quot;iso&quot;:&quot;0&quot;,&quot;shutter_speed&quot;:&quot;0&quot;,&quot;title&quot;:&quot;&quot;,&quot;orientation&quot;:&quot;0&quot;}\" data-image-title=\"WhatsApp Image 2022-01-27 at 12.18.06\" data-image-description=\"\" data-image-caption=\"\" data-large-file=\"https:\/\/eldiariodesanpedro.com.ar\/sitio\/wp-content\/uploads\/2022\/01\/WhatsApp-Image-2022-01-27-at-12.18.06.jpeg\" data-src=\"https:\/\/eldiariodesanpedro.com.ar\/sitio\/wp-content\/uploads\/2022\/01\/WhatsApp-Image-2022-01-27-at-12.18.06.jpeg\" alt=\"\" class=\"wp-image-103490 lazyload\" data-srcset=\"https:\/\/eldiariodesanpedro.com.ar\/sitio\/wp-content\/uploads\/2022\/01\/WhatsApp-Image-2022-01-27-at-12.18.06.jpeg 526w, https:\/\/eldiariodesanpedro.com.ar\/sitio\/wp-content\/uploads\/2022\/01\/WhatsApp-Image-2022-01-27-at-12.18.06-300x300.jpeg 300w, https:\/\/eldiariodesanpedro.com.ar\/sitio\/wp-content\/uploads\/2022\/01\/WhatsApp-Image-2022-01-27-at-12.18.06-150x150.jpeg 150w\" data-sizes=\"(max-width: 526px) 100vw, 526px\" src=\"data:image\/svg+xml;base64,PHN2ZyB3aWR0aD0iMSIgaGVpZ2h0PSIxIiB4bWxucz0iaHR0cDovL3d3dy53My5vcmcvMjAwMC9zdmciPjwvc3ZnPg==\" style=\"--smush-placeholder-width: 526px; --smush-placeholder-aspect-ratio: 526\/526;\" \/><\/figure><\/div>\n","protected":false},"excerpt":{"rendered":"<p>La Municipalidad de San Pedro, a trav\u00e9s de la Secretar\u00eda de Turismo y Cultura informa las actividades previstas para este fin de semana en la ciudad que incluyen la Peatonal de Verano, jornadas teatrales y el Festival del Verano en el Paseo P\u00fablico. Este jueves 27 a las 21.30 en Sala Cuarta Pared se realizar\u00e1 [&hellip;]<\/p>\n","protected":false},"author":4,"featured_media":103346,"comment_status":"closed","ping_status":"closed","sticky":false,"template":"","format":"standard","meta":{"om_disable_all_campaigns":false,"_jetpack_memberships_contains_paid_content":false,"footnotes":""},"categories":[50,101,2],"tags":[197,696,33,19],"class_list":["post-103485","post","type-post","status-publish","format-standard","has-post-thumbnail","hentry","category-destacadas","category-interes-general-locales","category-locales","tag-buenos-aires","tag-interes-general","tag-locales","tag-san-pedro"],"aioseo_notices":[],"gutentor_comment":0,"jetpack_featured_media_url":"https:\/\/eldiariodesanpedro.com.ar\/sitio\/wp-content\/uploads\/2022\/01\/1617751837.jpg","jetpack_shortlink":"https:\/\/wp.me\/p6RhLt-qV7","jetpack_sharing_enabled":true,"_links":{"self":[{"href":"https:\/\/eldiariodesanpedro.com.ar\/sitio\/wp-json\/wp\/v2\/posts\/103485","targetHints":{"allow":["GET"]}}],"collection":[{"href":"https:\/\/eldiariodesanpedro.com.ar\/sitio\/wp-json\/wp\/v2\/posts"}],"about":[{"href":"https:\/\/eldiariodesanpedro.com.ar\/sitio\/wp-json\/wp\/v2\/types\/post"}],"author":[{"embeddable":true,"href":"https:\/\/eldiariodesanpedro.com.ar\/sitio\/wp-json\/wp\/v2\/users\/4"}],"replies":[{"embeddable":true,"href":"https:\/\/eldiariodesanpedro.com.ar\/sitio\/wp-json\/wp\/v2\/comments?post=103485"}],"version-history":[{"count":1,"href":"https:\/\/eldiariodesanpedro.com.ar\/sitio\/wp-json\/wp\/v2\/posts\/103485\/revisions"}],"predecessor-version":[{"id":103491,"href":"https:\/\/eldiariodesanpedro.com.ar\/sitio\/wp-json\/wp\/v2\/posts\/103485\/revisions\/103491"}],"wp:featuredmedia":[{"embeddable":true,"href":"https:\/\/eldiariodesanpedro.com.ar\/sitio\/wp-json\/wp\/v2\/media\/103346"}],"wp:attachment":[{"href":"https:\/\/eldiariodesanpedro.com.ar\/sitio\/wp-json\/wp\/v2\/media?parent=103485"}],"wp:term":[{"taxonomy":"category","embeddable":true,"href":"https:\/\/eldiariodesanpedro.com.ar\/sitio\/wp-json\/wp\/v2\/categories?post=103485"},{"taxonomy":"post_tag","embeddable":true,"href":"https:\/\/eldiariodesanpedro.com.ar\/sitio\/wp-json\/wp\/v2\/tags?post=103485"}],"curies":[{"name":"wp","href":"https:\/\/api.w.org\/{rel}","templated":true}]}}