{"id":103482,"date":"2022-01-28T10:05:56","date_gmt":"2022-01-28T13:05:56","guid":{"rendered":"https:\/\/eldiariodesanpedro.com.ar\/sitio\/?p=103482"},"modified":"2022-01-28T10:05:57","modified_gmt":"2022-01-28T13:05:57","slug":"hoy-vacunatorio-en-rio-tala-frente-al-centro-de-salud","status":"publish","type":"post","link":"https:\/\/eldiariodesanpedro.com.ar\/sitio\/hoy-vacunatorio-en-rio-tala-frente-al-centro-de-salud\/","title":{"rendered":"Hoy vacunatorio en R\u00edo Tala frente al Centro de Salud"},"content":{"rendered":"<!-- VideographyWP Plugin Message: Automatic video embedding prevented by plugin options. -->\n\n<p>La coordinaci\u00f3n del vacunatorio del Club de Jubilados de San Pedro informa que este viernes 28 de enero se encontrar\u00e1n en la localidad de R\u00edo Tala, ubicados en la Plaza Principal, frente al Centro de Salud de 9 a 13.30 hs, aplicando vacunas contra el covid-19 para toda aquella poblaci\u00f3n que corresponda su vacunaci\u00f3n libre.<\/p>\n\n\n\n<p>Recordamos que podes vacunarte libre para:<\/p>\n\n\n\n<p>&#x2714; 3\u00b0 dosis &#x27a1;&#xfe0f; Mayores de 50 a\u00f1os que hayan transcurrido 4 meses de la \u00faltima dosis. Personal de salud, educaci\u00f3n y seguridad.<br>&#x2714; 2\u00b0 dosis &#x27a1;&#xfe0f; Mayores de 3 a\u00f1os que haya transcurrido 1 mes de su \u00faltima dosis.<br>&#x2714; 1\u00b0 dosis &#x27a1;&#xfe0f; Mayores de 3 a\u00f1os.<\/p>\n","protected":false},"excerpt":{"rendered":"<p>La coordinaci\u00f3n del vacunatorio del Club de Jubilados de San Pedro informa que este viernes 28 de enero se encontrar\u00e1n en la localidad de R\u00edo Tala, ubicados en la Plaza Principal, frente al Centro de Salud de 9 a 13.30 hs, aplicando vacunas contra el covid-19 para toda aquella poblaci\u00f3n que corresponda su vacunaci\u00f3n libre. [&hellip;]<\/p>\n","protected":false},"author":4,"featured_media":103483,"comment_status":"closed","ping_status":"closed","sticky":false,"template":"","format":"standard","meta":{"om_disable_all_campaigns":false,"_jetpack_memberships_contains_paid_content":false,"footnotes":""},"categories":[101,2],"tags":[197,696,33,19],"class_list":["post-103482","post","type-post","status-publish","format-standard","has-post-thumbnail","hentry","category-interes-general-locales","category-locales","tag-buenos-aires","tag-interes-general","tag-locales","tag-san-pedro"],"aioseo_notices":[],"gutentor_comment":0,"jetpack_featured_media_url":"https:\/\/eldiariodesanpedro.com.ar\/sitio\/wp-content\/uploads\/2022\/01\/272798916_354335010025001_1744822825660021076_n.jpg","jetpack_shortlink":"https:\/\/wp.me\/p6RhLt-qV4","jetpack_sharing_enabled":true,"_links":{"self":[{"href":"https:\/\/eldiariodesanpedro.com.ar\/sitio\/wp-json\/wp\/v2\/posts\/103482","targetHints":{"allow":["GET"]}}],"collection":[{"href":"https:\/\/eldiariodesanpedro.com.ar\/sitio\/wp-json\/wp\/v2\/posts"}],"about":[{"href":"https:\/\/eldiariodesanpedro.com.ar\/sitio\/wp-json\/wp\/v2\/types\/post"}],"author":[{"embeddable":true,"href":"https:\/\/eldiariodesanpedro.com.ar\/sitio\/wp-json\/wp\/v2\/users\/4"}],"replies":[{"embeddable":true,"href":"https:\/\/eldiariodesanpedro.com.ar\/sitio\/wp-json\/wp\/v2\/comments?post=103482"}],"version-history":[{"count":1,"href":"https:\/\/eldiariodesanpedro.com.ar\/sitio\/wp-json\/wp\/v2\/posts\/103482\/revisions"}],"predecessor-version":[{"id":103484,"href":"https:\/\/eldiariodesanpedro.com.ar\/sitio\/wp-json\/wp\/v2\/posts\/103482\/revisions\/103484"}],"wp:featuredmedia":[{"embeddable":true,"href":"https:\/\/eldiariodesanpedro.com.ar\/sitio\/wp-json\/wp\/v2\/media\/103483"}],"wp:attachment":[{"href":"https:\/\/eldiariodesanpedro.com.ar\/sitio\/wp-json\/wp\/v2\/media?parent=103482"}],"wp:term":[{"taxonomy":"category","embeddable":true,"href":"https:\/\/eldiariodesanpedro.com.ar\/sitio\/wp-json\/wp\/v2\/categories?post=103482"},{"taxonomy":"post_tag","embeddable":true,"href":"https:\/\/eldiariodesanpedro.com.ar\/sitio\/wp-json\/wp\/v2\/tags?post=103482"}],"curies":[{"name":"wp","href":"https:\/\/api.w.org\/{rel}","templated":true}]}}