{"id":103475,"date":"2022-01-28T09:40:19","date_gmt":"2022-01-28T12:40:19","guid":{"rendered":"https:\/\/eldiariodesanpedro.com.ar\/sitio\/?p=103475"},"modified":"2022-01-28T09:40:21","modified_gmt":"2022-01-28T12:40:21","slug":"se-realizaron-allanamientos-por-el-caso-andreani-con-mas-de-100-efectivos-donde-hubo-seis-detenidos-y-un-aprehendido","status":"publish","type":"post","link":"https:\/\/eldiariodesanpedro.com.ar\/sitio\/se-realizaron-allanamientos-por-el-caso-andreani-con-mas-de-100-efectivos-donde-hubo-seis-detenidos-y-un-aprehendido\/","title":{"rendered":"Se realizaron allanamientos por el caso Andreani con m\u00e1s de 100 efectivos donde hubo seis detenidos y un aprehendido"},"content":{"rendered":"<!-- VideographyWP Plugin Message: Automatic video embedding prevented by plugin options. -->\n\n<p>Mediante un operativo conjunto encabezado por la polic\u00eda en la madrugada del viernes se logr\u00f3 detener a seis personas vinculadas al hecho acontecido el pasado domingo en el establecimiento La Santina. Tambi\u00e9n se aprehendi\u00f3 a una persona.<\/p>\n\n\n\n<p>En la madrugada del viernes se llev\u00f3 a cabo un imponente operativo policial encabezado por personal de la Comisar\u00eda San Pedro, DDI San Pedro- Baradero, Grupo GAD y CPR. En total fueron 9 de las ordenes de allanamiento solicitadas por la fiscal Mar\u00eda del Valle Viviani y autorizadas por el juez de garant\u00edas Rom\u00e1n Parodi.<\/p>\n\n\n\n<p>De las tareas participaron m\u00e1s de 100 polic\u00edas pertenecientes a distintas dependencias de nuestra ciudad y la regi\u00f3n, y se allanaron propiedades ubicadas en el barrio La Tosquera, Bajo Tala, Bajo Cementerio y otra vivienda de la calle Independencia y Noceda.<\/p>\n\n\n\n<p>Como resultados de los operativos se lograron detener a 6 personas directamente vinculadas al hecho cometido el domingo pasado en el establecimiento La Santina propiedad del empresario Oscar Andreani, y se aprehendi\u00f3 a otra que estaba en uno de los lugares que se requis\u00f3.<\/p>\n\n\n\n<p>Se secuestraron armas de fuego, municiones, chalecos de polic\u00edas, handys y otros elementos de inter\u00e9s.<\/p>\n","protected":false},"excerpt":{"rendered":"<p>Mediante un operativo conjunto encabezado por la polic\u00eda en la madrugada del viernes se logr\u00f3 detener a seis personas vinculadas al hecho acontecido el pasado domingo en el establecimiento La Santina. Tambi\u00e9n se aprehendi\u00f3 a una persona. En la madrugada del viernes se llev\u00f3 a cabo un imponente operativo policial encabezado por personal de la [&hellip;]<\/p>\n","protected":false},"author":4,"featured_media":103476,"comment_status":"closed","ping_status":"closed","sticky":false,"template":"","format":"standard","meta":{"om_disable_all_campaigns":false,"_jetpack_memberships_contains_paid_content":false,"footnotes":""},"categories":[50,2,103],"tags":[197,33,95,19],"class_list":["post-103475","post","type-post","status-publish","format-standard","has-post-thumbnail","hentry","category-destacadas","category-locales","category-policiales-locales","tag-buenos-aires","tag-locales","tag-policiales","tag-san-pedro"],"aioseo_notices":[],"gutentor_comment":0,"jetpack_featured_media_url":"https:\/\/eldiariodesanpedro.com.ar\/sitio\/wp-content\/uploads\/2022\/01\/0000020658-resized-1920x1080-1.jpeg","jetpack_shortlink":"https:\/\/wp.me\/p6RhLt-qUX","jetpack_sharing_enabled":true,"_links":{"self":[{"href":"https:\/\/eldiariodesanpedro.com.ar\/sitio\/wp-json\/wp\/v2\/posts\/103475","targetHints":{"allow":["GET"]}}],"collection":[{"href":"https:\/\/eldiariodesanpedro.com.ar\/sitio\/wp-json\/wp\/v2\/posts"}],"about":[{"href":"https:\/\/eldiariodesanpedro.com.ar\/sitio\/wp-json\/wp\/v2\/types\/post"}],"author":[{"embeddable":true,"href":"https:\/\/eldiariodesanpedro.com.ar\/sitio\/wp-json\/wp\/v2\/users\/4"}],"replies":[{"embeddable":true,"href":"https:\/\/eldiariodesanpedro.com.ar\/sitio\/wp-json\/wp\/v2\/comments?post=103475"}],"version-history":[{"count":1,"href":"https:\/\/eldiariodesanpedro.com.ar\/sitio\/wp-json\/wp\/v2\/posts\/103475\/revisions"}],"predecessor-version":[{"id":103477,"href":"https:\/\/eldiariodesanpedro.com.ar\/sitio\/wp-json\/wp\/v2\/posts\/103475\/revisions\/103477"}],"wp:featuredmedia":[{"embeddable":true,"href":"https:\/\/eldiariodesanpedro.com.ar\/sitio\/wp-json\/wp\/v2\/media\/103476"}],"wp:attachment":[{"href":"https:\/\/eldiariodesanpedro.com.ar\/sitio\/wp-json\/wp\/v2\/media?parent=103475"}],"wp:term":[{"taxonomy":"category","embeddable":true,"href":"https:\/\/eldiariodesanpedro.com.ar\/sitio\/wp-json\/wp\/v2\/categories?post=103475"},{"taxonomy":"post_tag","embeddable":true,"href":"https:\/\/eldiariodesanpedro.com.ar\/sitio\/wp-json\/wp\/v2\/tags?post=103475"}],"curies":[{"name":"wp","href":"https:\/\/api.w.org\/{rel}","templated":true}]}}