{"id":103470,"date":"2022-01-28T09:36:22","date_gmt":"2022-01-28T12:36:22","guid":{"rendered":"https:\/\/eldiariodesanpedro.com.ar\/sitio\/?p=103470"},"modified":"2022-01-28T09:42:37","modified_gmt":"2022-01-28T12:42:37","slug":"un-camion-tras-un-choque-en-la-curva-de-la-muerte-se-incrusto-dentro-de-una-casa","status":"publish","type":"post","link":"https:\/\/eldiariodesanpedro.com.ar\/sitio\/un-camion-tras-un-choque-en-la-curva-de-la-muerte-se-incrusto-dentro-de-una-casa\/","title":{"rendered":"Un cami\u00f3n tras un choque en la curva de la muerte se incrust\u00f3 dentro de una casa"},"content":{"rendered":"<!-- VideographyWP Plugin Message: Automatic video embedding prevented by plugin options. -->\n\n<p>En la noche de este jueves se produjo un grave accidente en la Ruta 191 a la altura de la \u00abcurva de la muerte\u00bb. Un cami\u00f3n cargado con cereal choc\u00f3 con un autom\u00f3vil marca Peugeot y luego termin\u00f3 su trayecto, insert\u00e1ndose en una vivienda.<\/p>\n\n\n\n<p>El camionero debi\u00f3 ser rescatado del interior de la cabina del rodado por los Bomberos Voluntarios puesto que hab\u00eda quedado atrapado. Una vez retirado, profesionales de la salud del SAME constataron que solo hab\u00eda sufrido unos golpes. En tanto el conductor del rodado menor tampoco sufri\u00f3 traumatismos de gravedad.<\/p>\n\n\n\n<p>En el interior de la vivienda se encontraba una mujer, que se encontraba acostada en su cama, la que milagrosamente tampoco sufri\u00f3 golpes de consideraci\u00f3n.<\/p>\n\n\n\n<figure class=\"wp-block-image size-large\"><img decoding=\"async\" width=\"1024\" height=\"547\" data-attachment-id=\"103478\" data-permalink=\"https:\/\/eldiariodesanpedro.com.ar\/sitio\/un-camion-tras-un-choque-en-la-curva-de-la-muerte-se-incrusto-dentro-de-una-casa\/whatsapp-image-2022-01-27-at-23-27-48-1\/\" data-orig-file=\"https:\/\/eldiariodesanpedro.com.ar\/sitio\/wp-content\/uploads\/2022\/01\/WhatsApp-Image-2022-01-27-at-23.27.48-1.jpeg\" data-orig-size=\"1080,577\" data-comments-opened=\"0\" data-image-meta=\"{&quot;aperture&quot;:&quot;0&quot;,&quot;credit&quot;:&quot;&quot;,&quot;camera&quot;:&quot;&quot;,&quot;caption&quot;:&quot;&quot;,&quot;created_timestamp&quot;:&quot;0&quot;,&quot;copyright&quot;:&quot;&quot;,&quot;focal_length&quot;:&quot;0&quot;,&quot;iso&quot;:&quot;0&quot;,&quot;shutter_speed&quot;:&quot;0&quot;,&quot;title&quot;:&quot;&quot;,&quot;orientation&quot;:&quot;0&quot;}\" data-image-title=\"WhatsApp-Image-2022-01-27-at-23.27.48-1\" data-image-description=\"\" data-image-caption=\"\" data-large-file=\"https:\/\/eldiariodesanpedro.com.ar\/sitio\/wp-content\/uploads\/2022\/01\/WhatsApp-Image-2022-01-27-at-23.27.48-1-1024x547.jpeg\" data-src=\"https:\/\/eldiariodesanpedro.com.ar\/sitio\/wp-content\/uploads\/2022\/01\/WhatsApp-Image-2022-01-27-at-23.27.48-1-1024x547.jpeg\" alt=\"\" class=\"wp-image-103478 lazyload\" data-srcset=\"https:\/\/eldiariodesanpedro.com.ar\/sitio\/wp-content\/uploads\/2022\/01\/WhatsApp-Image-2022-01-27-at-23.27.48-1-1024x547.jpeg 1024w, https:\/\/eldiariodesanpedro.com.ar\/sitio\/wp-content\/uploads\/2022\/01\/WhatsApp-Image-2022-01-27-at-23.27.48-1-300x160.jpeg 300w, https:\/\/eldiariodesanpedro.com.ar\/sitio\/wp-content\/uploads\/2022\/01\/WhatsApp-Image-2022-01-27-at-23.27.48-1-768x410.jpeg 768w, https:\/\/eldiariodesanpedro.com.ar\/sitio\/wp-content\/uploads\/2022\/01\/WhatsApp-Image-2022-01-27-at-23.27.48-1.jpeg 1080w\" data-sizes=\"(max-width: 1024px) 100vw, 1024px\" src=\"data:image\/svg+xml;base64,PHN2ZyB3aWR0aD0iMSIgaGVpZ2h0PSIxIiB4bWxucz0iaHR0cDovL3d3dy53My5vcmcvMjAwMC9zdmciPjwvc3ZnPg==\" style=\"--smush-placeholder-width: 1024px; --smush-placeholder-aspect-ratio: 1024\/547;\" \/><\/figure>\n\n\n\n<figure class=\"wp-block-image size-large\"><img decoding=\"async\" width=\"1024\" height=\"587\" data-attachment-id=\"103480\" data-permalink=\"https:\/\/eldiariodesanpedro.com.ar\/sitio\/un-camion-tras-un-choque-en-la-curva-de-la-muerte-se-incrusto-dentro-de-una-casa\/whatsapp-image-2022-01-27-at-23-27-49-1-2\/\" data-orig-file=\"https:\/\/eldiariodesanpedro.com.ar\/sitio\/wp-content\/uploads\/2022\/01\/WhatsApp-Image-2022-01-27-at-23.27.49-1-1.jpeg\" data-orig-size=\"1080,619\" data-comments-opened=\"0\" data-image-meta=\"{&quot;aperture&quot;:&quot;0&quot;,&quot;credit&quot;:&quot;&quot;,&quot;camera&quot;:&quot;&quot;,&quot;caption&quot;:&quot;&quot;,&quot;created_timestamp&quot;:&quot;0&quot;,&quot;copyright&quot;:&quot;&quot;,&quot;focal_length&quot;:&quot;0&quot;,&quot;iso&quot;:&quot;0&quot;,&quot;shutter_speed&quot;:&quot;0&quot;,&quot;title&quot;:&quot;&quot;,&quot;orientation&quot;:&quot;0&quot;}\" data-image-title=\"WhatsApp Image 2022-01-27 at 23.27.49 (1)\" data-image-description=\"\" data-image-caption=\"\" data-large-file=\"https:\/\/eldiariodesanpedro.com.ar\/sitio\/wp-content\/uploads\/2022\/01\/WhatsApp-Image-2022-01-27-at-23.27.49-1-1-1024x587.jpeg\" data-src=\"https:\/\/eldiariodesanpedro.com.ar\/sitio\/wp-content\/uploads\/2022\/01\/WhatsApp-Image-2022-01-27-at-23.27.49-1-1-1024x587.jpeg\" alt=\"\" class=\"wp-image-103480 lazyload\" data-srcset=\"https:\/\/eldiariodesanpedro.com.ar\/sitio\/wp-content\/uploads\/2022\/01\/WhatsApp-Image-2022-01-27-at-23.27.49-1-1-1024x587.jpeg 1024w, https:\/\/eldiariodesanpedro.com.ar\/sitio\/wp-content\/uploads\/2022\/01\/WhatsApp-Image-2022-01-27-at-23.27.49-1-1-300x172.jpeg 300w, https:\/\/eldiariodesanpedro.com.ar\/sitio\/wp-content\/uploads\/2022\/01\/WhatsApp-Image-2022-01-27-at-23.27.49-1-1-768x440.jpeg 768w, https:\/\/eldiariodesanpedro.com.ar\/sitio\/wp-content\/uploads\/2022\/01\/WhatsApp-Image-2022-01-27-at-23.27.49-1-1.jpeg 1080w\" data-sizes=\"(max-width: 1024px) 100vw, 1024px\" src=\"data:image\/svg+xml;base64,PHN2ZyB3aWR0aD0iMSIgaGVpZ2h0PSIxIiB4bWxucz0iaHR0cDovL3d3dy53My5vcmcvMjAwMC9zdmciPjwvc3ZnPg==\" style=\"--smush-placeholder-width: 1024px; --smush-placeholder-aspect-ratio: 1024\/587;\" \/><\/figure>\n","protected":false},"excerpt":{"rendered":"<p>En la noche de este jueves se produjo un grave accidente en la Ruta 191 a la altura de la \u00abcurva de la muerte\u00bb. Un cami\u00f3n cargado con cereal choc\u00f3 con un autom\u00f3vil marca Peugeot y luego termin\u00f3 su trayecto, insert\u00e1ndose en una vivienda. El camionero debi\u00f3 ser rescatado del interior de la cabina del [&hellip;]<\/p>\n","protected":false},"author":4,"featured_media":103473,"comment_status":"closed","ping_status":"closed","sticky":false,"template":"","format":"standard","meta":{"om_disable_all_campaigns":false,"_jetpack_memberships_contains_paid_content":false,"footnotes":""},"categories":[50,2,103],"tags":[197,696,33,19],"class_list":["post-103470","post","type-post","status-publish","format-standard","has-post-thumbnail","hentry","category-destacadas","category-locales","category-policiales-locales","tag-buenos-aires","tag-interes-general","tag-locales","tag-san-pedro"],"aioseo_notices":[],"gutentor_comment":0,"jetpack_featured_media_url":"https:\/\/eldiariodesanpedro.com.ar\/sitio\/wp-content\/uploads\/2022\/01\/WhatsApp-Image-2022-01-27-at-23.27.49.jpeg","jetpack_shortlink":"https:\/\/wp.me\/p6RhLt-qUS","jetpack_sharing_enabled":true,"_links":{"self":[{"href":"https:\/\/eldiariodesanpedro.com.ar\/sitio\/wp-json\/wp\/v2\/posts\/103470","targetHints":{"allow":["GET"]}}],"collection":[{"href":"https:\/\/eldiariodesanpedro.com.ar\/sitio\/wp-json\/wp\/v2\/posts"}],"about":[{"href":"https:\/\/eldiariodesanpedro.com.ar\/sitio\/wp-json\/wp\/v2\/types\/post"}],"author":[{"embeddable":true,"href":"https:\/\/eldiariodesanpedro.com.ar\/sitio\/wp-json\/wp\/v2\/users\/4"}],"replies":[{"embeddable":true,"href":"https:\/\/eldiariodesanpedro.com.ar\/sitio\/wp-json\/wp\/v2\/comments?post=103470"}],"version-history":[{"count":2,"href":"https:\/\/eldiariodesanpedro.com.ar\/sitio\/wp-json\/wp\/v2\/posts\/103470\/revisions"}],"predecessor-version":[{"id":103481,"href":"https:\/\/eldiariodesanpedro.com.ar\/sitio\/wp-json\/wp\/v2\/posts\/103470\/revisions\/103481"}],"wp:featuredmedia":[{"embeddable":true,"href":"https:\/\/eldiariodesanpedro.com.ar\/sitio\/wp-json\/wp\/v2\/media\/103473"}],"wp:attachment":[{"href":"https:\/\/eldiariodesanpedro.com.ar\/sitio\/wp-json\/wp\/v2\/media?parent=103470"}],"wp:term":[{"taxonomy":"category","embeddable":true,"href":"https:\/\/eldiariodesanpedro.com.ar\/sitio\/wp-json\/wp\/v2\/categories?post=103470"},{"taxonomy":"post_tag","embeddable":true,"href":"https:\/\/eldiariodesanpedro.com.ar\/sitio\/wp-json\/wp\/v2\/tags?post=103470"}],"curies":[{"name":"wp","href":"https:\/\/api.w.org\/{rel}","templated":true}]}}