{"id":10344,"date":"2016-11-16T19:57:23","date_gmt":"2016-11-16T22:57:23","guid":{"rendered":"https:\/\/eldiariodesanpedro.com.ar\/sitio\/?p=10344"},"modified":"2026-01-23T23:21:02","modified_gmt":"2026-01-24T02:21:02","slug":"boletin-oficial-la-anmat-prohibio-comercializar-un-bombon-con-marroc","status":"publish","type":"post","link":"https:\/\/eldiariodesanpedro.com.ar\/sitio\/boletin-oficial-la-anmat-prohibio-comercializar-un-bombon-con-marroc\/","title":{"rendered":"BOLET\u00cdN OFICIAL:  La Anmat prohibi\u00f3 comercializar un bomb\u00f3n con marroc"},"content":{"rendered":"<p><!-- VideographyWP Plugin Message: Automatic video embedding prevented by plugin options. --><br \/>\n(T\u00e9lam\/Minutouno) &#8211; El bomb\u00f3n con marroc es de la marca Dandy Chocolates, que se presentan en sus envases el logo oficial \u201cSin TACC\u201d, pero no figuran en el listado integrado de alimentos libres de gluten.<br \/>\n   La Administraci\u00f3n Nacional de Medicamentos, Alimentos y Tecnolog\u00eda M\u00e9dica (Anmat) <a href=\"http:\/\/www.anmat.gov.ar\/comunicados\/Comunicado_bombones.pdf\" target=\"_blank\">prohibi\u00f3 la comercializaci\u00f3n en todo el pa\u00eds del bomb\u00f3n de chocolate con leche, relleno con marroc, de la marca Dandy Chocolates<\/a>, que se presentan en sus envases el logo oficial \u201cSin TACC\u201d, pero no figuran en el listado integrado de alimentos libres de gluten.<\/p>\n<p>   La Disposici\u00f3n 12660\/16 fue publicada este mi\u00e9rcoles en el Bolet\u00edn Oficial, en la cual advierte que se comercializa en la Capital Federal.<\/p>\n<p>   Advierte que los productos no est\u00e1n inscriptos en esa jurisdicci\u00f3n como alimentos libre de gluten y que el rubro de su RNE no contempla la elaboraci\u00f3n. Por ello proh\u00edbe su comercializaci\u00f3n en todo el territorio nacional.<\/p>\n<p> <strong>La respuesta de la marca de los chocolates prohibidos en el pa\u00eds: \u00abSon acusaciones falsas\u00bb<\/strong><\/p>\n<p>   La marca Dandy Chocolate asegur\u00f3 que los productos \u00abBocadito Marroc\u00bb y \u00abBocadito de Dulce de Leche\u00bb cuentan con las habilitaciones correspondientes. La empresa lo indic\u00f3 a trav\u00e9s de un comunicado luego de que se diera a conocer que las golosinas para cel\u00edacos hab\u00edan sido proh\u00edbidas. \u00abRealizaron acusaciones sin ning\u00fan sustento\u00bb, dijeron. <\/p>\n<p>   Luego de que se difundiera que los \u00abBocadito Marroc\u00bb y \u00abBocadito de Dulce de Leche\u00bb hab\u00edan sido proh\u00edbidos en el pa\u00eds, desde la marca Dandy Chocolate salieron a asegurar que cuentan con todas las \u00abhabilitaciones y registros correspondientes\u00bb. <\/p>\n<p>   \u00abTrabajamos productos de chocolate apto para cel\u00edacos. Tenemos las habilitaciones y registros correspondientes hace ya a\u00f1os. El sustento de dicha informaci\u00f3n est\u00e1 en los listados vigentes del ANMAT (Administraci\u00f3n Nacional de Medicamentos Alimentos y Tecnolog\u00eda M\u00e9dica), departamento de Evaluaci\u00f3n T\u00e9cnica &#8211; INAL y en el Ministerio de Salud de la provincia de Buenos Aires\u00bb, indicaron desde la marca a trav\u00e9s de un comunicado. <\/p>\n<p>   El comunicado se dio a conocer luego de que se difundiera este mi\u00e9rcoles que, seg\u00fan el Bolet\u00edn Oficial, la venta de los productos \u00abBocadito de marroc\u00bb y \u00abBocadito de dulce de leche\u00bb hab\u00eda sido prohibida en todo el pa\u00eds a ra\u00edz de una denuncia recibida en el departamento Vigilancia Alimentaria del Instituto Nacional de Alimentos (INAL). <\/p>\n<p>    La Direcci\u00f3n General de Higiene y Seguridad Alimentaria del Gobierno de la Ciudad de Buenos Aires fue la que confirm\u00f3 que los productos no estaban inscriptos en la jurisdicci\u00f3n como alimentos libre de gluten y que no se contemplaba su elaboraci\u00f3n.<\/p>\n","protected":false},"excerpt":{"rendered":"<p>(T\u00e9lam\/Minutouno) &#8211; El bomb\u00f3n con marroc es de la marca Dandy Chocolates, que se presentan en sus envases el logo oficial \u201cSin TACC\u201d, pero no figuran en el listado integrado de alimentos libres de gluten. La Administraci\u00f3n Nacional de Medicamentos, Alimentos y Tecnolog\u00eda M\u00e9dica (Anmat) prohibi\u00f3 la comercializaci\u00f3n en todo el pa\u00eds del bomb\u00f3n de [&hellip;]<\/p>\n","protected":false},"author":4,"featured_media":10345,"comment_status":"open","ping_status":"closed","sticky":false,"template":"","format":"standard","meta":{"om_disable_all_campaigns":false,"_jetpack_memberships_contains_paid_content":false,"footnotes":""},"categories":[3],"tags":[],"class_list":["post-10344","post","type-post","status-publish","format-standard","has-post-thumbnail","hentry","category-nacionales"],"aioseo_notices":[],"gutentor_comment":0,"jetpack_featured_media_url":"https:\/\/eldiariodesanpedro.com.ar\/sitio\/wp-content\/uploads\/2016\/11\/Anmat.jpg","jetpack_shortlink":"https:\/\/wp.me\/p6RhLt-2GQ","jetpack_sharing_enabled":true,"_links":{"self":[{"href":"https:\/\/eldiariodesanpedro.com.ar\/sitio\/wp-json\/wp\/v2\/posts\/10344","targetHints":{"allow":["GET"]}}],"collection":[{"href":"https:\/\/eldiariodesanpedro.com.ar\/sitio\/wp-json\/wp\/v2\/posts"}],"about":[{"href":"https:\/\/eldiariodesanpedro.com.ar\/sitio\/wp-json\/wp\/v2\/types\/post"}],"author":[{"embeddable":true,"href":"https:\/\/eldiariodesanpedro.com.ar\/sitio\/wp-json\/wp\/v2\/users\/4"}],"replies":[{"embeddable":true,"href":"https:\/\/eldiariodesanpedro.com.ar\/sitio\/wp-json\/wp\/v2\/comments?post=10344"}],"version-history":[{"count":1,"href":"https:\/\/eldiariodesanpedro.com.ar\/sitio\/wp-json\/wp\/v2\/posts\/10344\/revisions"}],"predecessor-version":[{"id":10346,"href":"https:\/\/eldiariodesanpedro.com.ar\/sitio\/wp-json\/wp\/v2\/posts\/10344\/revisions\/10346"}],"wp:featuredmedia":[{"embeddable":true,"href":"https:\/\/eldiariodesanpedro.com.ar\/sitio\/wp-json\/wp\/v2\/media\/10345"}],"wp:attachment":[{"href":"https:\/\/eldiariodesanpedro.com.ar\/sitio\/wp-json\/wp\/v2\/media?parent=10344"}],"wp:term":[{"taxonomy":"category","embeddable":true,"href":"https:\/\/eldiariodesanpedro.com.ar\/sitio\/wp-json\/wp\/v2\/categories?post=10344"},{"taxonomy":"post_tag","embeddable":true,"href":"https:\/\/eldiariodesanpedro.com.ar\/sitio\/wp-json\/wp\/v2\/tags?post=10344"}],"curies":[{"name":"wp","href":"https:\/\/api.w.org\/{rel}","templated":true}]}}