{"id":10336,"date":"2016-11-16T19:50:27","date_gmt":"2016-11-16T22:50:27","guid":{"rendered":"https:\/\/eldiariodesanpedro.com.ar\/sitio\/?p=10336"},"modified":"2026-01-24T00:32:24","modified_gmt":"2026-01-24T03:32:24","slug":"natacion-falco-representara-a-la-provincia-en-juegos-nacionales","status":"publish","type":"post","link":"https:\/\/eldiariodesanpedro.com.ar\/sitio\/natacion-falco-representara-a-la-provincia-en-juegos-nacionales\/","title":{"rendered":"NATACI\u00d3N: Falco representar\u00e1 a la Provincia en Juegos Nacionales"},"content":{"rendered":"<p><!-- VideographyWP Plugin Message: Automatic video embedding prevented by plugin options. --><br \/>\nLa nadadora Carolina Falco del Club Pescadores participar\u00e1 representando a la  provincia de Buenos Aires en los \u201cJuegos Argentinos de Playa\u201d, en Aguas Abiertas.   Carolina se encuentra realizando su preparaci\u00f3n para este evento nacional de nado en el Mar.<\/p>\n<p>Lo organiza la Confederaci\u00f3n Argentina de Deportes Acu\u00e1ticos, en la disciplina AGUAS ABIERTAS. La misma se llevar\u00e1 a cabo en la Ciudad de San Antonio Oeste, en la localidad de Las Grutas, durante los d\u00edas 14 al 17 de diciembre de 2016.<\/p>\n<p>La categor\u00eda ser\u00e1 exclusivamente para nadadores con licencia federada y en la categor\u00eda absoluta (mayores), y participar\u00e1n 1 mujer y 1 hombre representando a la Provincia.<br \/>\nLa competencia se regir\u00e1 por normas FINA.<\/p>\n<p><strong>Distancias<\/strong><\/p>\n<p>10Km mujeres: se realizar\u00e1 el d\u00eda 15 de diciembre de 2016 horario a confirmar<br \/>\n10Km varones: se realizar\u00e1 el d\u00eda 17 de diciembre de 2016 horario a confirmar<\/p>\n<p><strong>Premiaci\u00f3n<\/strong><\/p>\n<p>A los tres primeros por g\u00e9nero. A los ganadores, se lo consagrara \u2018\u2019Campe\u00f3n de los Juegos Argentinos de Verano de Aguas Abiertas\u2019\u2019 y ser\u00e1n selectivos para los Juegos de Playa de Mayores 2017 que se desarrollar\u00e1 en la ciudad de Pimentel, Per\u00fa en el mes de febrero 2017.<\/p>\n","protected":false},"excerpt":{"rendered":"<p>La nadadora Carolina Falco del Club Pescadores participar\u00e1 representando a la provincia de Buenos Aires en los \u201cJuegos Argentinos de Playa\u201d, en Aguas Abiertas. Carolina se encuentra realizando su preparaci\u00f3n para este evento nacional de nado en el Mar. Lo organiza la Confederaci\u00f3n Argentina de Deportes Acu\u00e1ticos, en la disciplina AGUAS ABIERTAS. La misma se [&hellip;]<\/p>\n","protected":false},"author":4,"featured_media":10337,"comment_status":"open","ping_status":"closed","sticky":false,"template":"","format":"standard","meta":{"om_disable_all_campaigns":false,"_jetpack_memberships_contains_paid_content":false,"footnotes":""},"categories":[5],"tags":[],"class_list":["post-10336","post","type-post","status-publish","format-standard","has-post-thumbnail","hentry","category-deportes"],"aioseo_notices":[],"gutentor_comment":0,"jetpack_featured_media_url":"https:\/\/eldiariodesanpedro.com.ar\/sitio\/wp-content\/uploads\/2016\/11\/FOTO-2-17-11-16.jpg","jetpack_shortlink":"https:\/\/wp.me\/p6RhLt-2GI","jetpack_sharing_enabled":true,"_links":{"self":[{"href":"https:\/\/eldiariodesanpedro.com.ar\/sitio\/wp-json\/wp\/v2\/posts\/10336","targetHints":{"allow":["GET"]}}],"collection":[{"href":"https:\/\/eldiariodesanpedro.com.ar\/sitio\/wp-json\/wp\/v2\/posts"}],"about":[{"href":"https:\/\/eldiariodesanpedro.com.ar\/sitio\/wp-json\/wp\/v2\/types\/post"}],"author":[{"embeddable":true,"href":"https:\/\/eldiariodesanpedro.com.ar\/sitio\/wp-json\/wp\/v2\/users\/4"}],"replies":[{"embeddable":true,"href":"https:\/\/eldiariodesanpedro.com.ar\/sitio\/wp-json\/wp\/v2\/comments?post=10336"}],"version-history":[{"count":1,"href":"https:\/\/eldiariodesanpedro.com.ar\/sitio\/wp-json\/wp\/v2\/posts\/10336\/revisions"}],"predecessor-version":[{"id":10338,"href":"https:\/\/eldiariodesanpedro.com.ar\/sitio\/wp-json\/wp\/v2\/posts\/10336\/revisions\/10338"}],"wp:featuredmedia":[{"embeddable":true,"href":"https:\/\/eldiariodesanpedro.com.ar\/sitio\/wp-json\/wp\/v2\/media\/10337"}],"wp:attachment":[{"href":"https:\/\/eldiariodesanpedro.com.ar\/sitio\/wp-json\/wp\/v2\/media?parent=10336"}],"wp:term":[{"taxonomy":"category","embeddable":true,"href":"https:\/\/eldiariodesanpedro.com.ar\/sitio\/wp-json\/wp\/v2\/categories?post=10336"},{"taxonomy":"post_tag","embeddable":true,"href":"https:\/\/eldiariodesanpedro.com.ar\/sitio\/wp-json\/wp\/v2\/tags?post=10336"}],"curies":[{"name":"wp","href":"https:\/\/api.w.org\/{rel}","templated":true}]}}