{"id":10329,"date":"2016-11-16T19:46:25","date_gmt":"2016-11-16T22:46:25","guid":{"rendered":"https:\/\/eldiariodesanpedro.com.ar\/sitio\/?p=10329"},"modified":"2026-01-24T00:32:24","modified_gmt":"2026-01-24T03:32:24","slug":"los-m-16-de-tiro-federal-se-consagraron-campeones-del-torneo-de-la-urba","status":"publish","type":"post","link":"https:\/\/eldiariodesanpedro.com.ar\/sitio\/los-m-16-de-tiro-federal-se-consagraron-campeones-del-torneo-de-la-urba\/","title":{"rendered":"RUGBY: Los M 16 de Tiro Federal se consagraron campeones del torneo de la URBA"},"content":{"rendered":"<p><!-- VideographyWP Plugin Message: Automatic video embedding prevented by plugin options. --><br \/>\nTras una brillante campa\u00f1a de 10 jugados y todos ganados, Tiro se despidi\u00f3 con la vuelta ol\u00edmpica jugando como local cuando derrot\u00f3 a Italiano de Escobar por un contundente 48 a 12 y obtuvo el t\u00edtulo del \u201cGrupo 2 Ganadores\u201d de la Uni\u00f3n de Rugby de Buenos Aires.<\/p>\n<p> Los M 16 sampedrinos lograron por primera vez un t\u00edtulo oficial desde que el Tiro Federal juega en la URBA. <\/p>\n<p>El plantel campe\u00f3n estuvo integrado por: Mario Giuliani, Jorge Galarza, Ramiro Sosa, Valent\u00edn Dom\u00ednguez, Emanuel Meza, Guido Pag\u00e9s, Nicol\u00e1s P\u00e9rez, Bautista Parzon, Juan Manuel Rigo, Dami\u00e1n Torres, Bernardo Amorena, Ignacio Iturburu, Mat\u00edas Panciroli, Federico Be, Valent\u00edn Sierra, Alexis Moreno, El\u00edas Garc\u00eda, Tom\u00e1s C\u00e1ceres, Emiliano Cabrera, El\u00edas Castillo, Facundo G\u00f3mez y Marcos Oliva. Entrenadores: Germ\u00e1n Gurmindo Arana y Pablo Amorena. <\/p>\n<p>Preparadores f\u00edsicos: Alejandro Jos\u00e9 y Mariano V\u00e1zquez. Entrenador de Rugby y Coordinador: Juan Mart\u00edn Ramognino. Manager Juveniles: Rub\u00e9n Mart\u00ednez.<\/p>\n","protected":false},"excerpt":{"rendered":"<p>Tras una brillante campa\u00f1a de 10 jugados y todos ganados, Tiro se despidi\u00f3 con la vuelta ol\u00edmpica jugando como local cuando derrot\u00f3 a Italiano de Escobar por un contundente 48 a 12 y obtuvo el t\u00edtulo del \u201cGrupo 2 Ganadores\u201d de la Uni\u00f3n de Rugby de Buenos Aires. Los M 16 sampedrinos lograron por primera [&hellip;]<\/p>\n","protected":false},"author":4,"featured_media":10330,"comment_status":"open","ping_status":"closed","sticky":false,"template":"","format":"standard","meta":{"om_disable_all_campaigns":false,"_jetpack_memberships_contains_paid_content":false,"footnotes":""},"categories":[5],"tags":[],"class_list":["post-10329","post","type-post","status-publish","format-standard","has-post-thumbnail","hentry","category-deportes"],"aioseo_notices":[],"gutentor_comment":0,"jetpack_featured_media_url":"https:\/\/eldiariodesanpedro.com.ar\/sitio\/wp-content\/uploads\/2016\/11\/foto-1-17-11-16.jpg","jetpack_shortlink":"https:\/\/wp.me\/p6RhLt-2GB","jetpack_sharing_enabled":true,"_links":{"self":[{"href":"https:\/\/eldiariodesanpedro.com.ar\/sitio\/wp-json\/wp\/v2\/posts\/10329","targetHints":{"allow":["GET"]}}],"collection":[{"href":"https:\/\/eldiariodesanpedro.com.ar\/sitio\/wp-json\/wp\/v2\/posts"}],"about":[{"href":"https:\/\/eldiariodesanpedro.com.ar\/sitio\/wp-json\/wp\/v2\/types\/post"}],"author":[{"embeddable":true,"href":"https:\/\/eldiariodesanpedro.com.ar\/sitio\/wp-json\/wp\/v2\/users\/4"}],"replies":[{"embeddable":true,"href":"https:\/\/eldiariodesanpedro.com.ar\/sitio\/wp-json\/wp\/v2\/comments?post=10329"}],"version-history":[{"count":2,"href":"https:\/\/eldiariodesanpedro.com.ar\/sitio\/wp-json\/wp\/v2\/posts\/10329\/revisions"}],"predecessor-version":[{"id":10332,"href":"https:\/\/eldiariodesanpedro.com.ar\/sitio\/wp-json\/wp\/v2\/posts\/10329\/revisions\/10332"}],"wp:featuredmedia":[{"embeddable":true,"href":"https:\/\/eldiariodesanpedro.com.ar\/sitio\/wp-json\/wp\/v2\/media\/10330"}],"wp:attachment":[{"href":"https:\/\/eldiariodesanpedro.com.ar\/sitio\/wp-json\/wp\/v2\/media?parent=10329"}],"wp:term":[{"taxonomy":"category","embeddable":true,"href":"https:\/\/eldiariodesanpedro.com.ar\/sitio\/wp-json\/wp\/v2\/categories?post=10329"},{"taxonomy":"post_tag","embeddable":true,"href":"https:\/\/eldiariodesanpedro.com.ar\/sitio\/wp-json\/wp\/v2\/tags?post=10329"}],"curies":[{"name":"wp","href":"https:\/\/api.w.org\/{rel}","templated":true}]}}