{"id":103279,"date":"2022-01-24T11:17:09","date_gmt":"2022-01-24T14:17:09","guid":{"rendered":"https:\/\/eldiariodesanpedro.com.ar\/sitio\/?p=103279"},"modified":"2022-01-24T11:17:11","modified_gmt":"2022-01-24T14:17:11","slug":"eduardo-roleri-deja-seguridad-y-lo-reemplaza-un-ex-comisario","status":"publish","type":"post","link":"https:\/\/eldiariodesanpedro.com.ar\/sitio\/eduardo-roleri-deja-seguridad-y-lo-reemplaza-un-ex-comisario\/","title":{"rendered":"Eduardo Roleri deja Seguridad y lo reemplaza un ex Comisario"},"content":{"rendered":"<!-- VideographyWP Plugin Message: Automatic video embedding prevented by plugin options. -->\n\n<p>El ex funcionario de la polic\u00eda bonaerense dejar\u00e1 el cargo en las pr\u00f3ximas horas tras casi cinco a\u00f1os de gesti\u00f3n. Todo indicar\u00eda que otro ex Comisario asumir\u00eda en su lugar.<\/p>\n\n\n\n<p>Tal cual lo adelantado en el aire de FM G\u00e9nesis y como era de esperar comenzaron los en el gabinete del intendente Ram\u00f3n Salazar.<\/p>\n\n\n\n<p>En las \u00faltimas horas qued\u00f3 confirmada la salida del ex Comisario Eduardo Roleri de la Secretar\u00eda de Seguridad, mientras que todo parece indicar que otro ex Comisario que lleg\u00f3 a cumplir un importante cargo en el \u00e1mbito provincial ser\u00e1 su reemplazante.<\/p>\n\n\n\n<p>Roleri asumi\u00f3 en Junio de 2016 y se transform\u00f3 en uno de los ejes de la gesti\u00f3n del Intendente Cecilio Salazar, ahora, el entendible desgaste provocado por el trabajo diario hizo que se decida salida del cargo.<\/p>\n\n\n\n<p>Con respecto al reemplazante existe conformidad entre las autoridades para concretar su llegada, ya existieron reuniones y en las pr\u00f3ximas horas ser\u00e1 confirmado.<\/p>\n\n\n\n<p>Por estas horas existe cierta expectativa en el gabinete debido a que seg\u00fan se supo los cambios seguir\u00edan y afectar\u00edan al menos a tres \u00e1reas m\u00e1s.<\/p>\n","protected":false},"excerpt":{"rendered":"<p>El ex funcionario de la polic\u00eda bonaerense dejar\u00e1 el cargo en las pr\u00f3ximas horas tras casi cinco a\u00f1os de gesti\u00f3n. Todo indicar\u00eda que otro ex Comisario asumir\u00eda en su lugar. Tal cual lo adelantado en el aire de FM G\u00e9nesis y como era de esperar comenzaron los en el gabinete del intendente Ram\u00f3n Salazar. En [&hellip;]<\/p>\n","protected":false},"author":4,"featured_media":103280,"comment_status":"closed","ping_status":"closed","sticky":false,"template":"","format":"standard","meta":{"om_disable_all_campaigns":false,"_jetpack_memberships_contains_paid_content":false,"footnotes":""},"categories":[50,101,2],"tags":[197,696,33,19],"class_list":["post-103279","post","type-post","status-publish","format-standard","has-post-thumbnail","hentry","category-destacadas","category-interes-general-locales","category-locales","tag-buenos-aires","tag-interes-general","tag-locales","tag-san-pedro"],"aioseo_notices":[],"gutentor_comment":0,"jetpack_featured_media_url":"https:\/\/eldiariodesanpedro.com.ar\/sitio\/wp-content\/uploads\/2022\/01\/0000020642-resized-1920x1080-1.jpg","jetpack_shortlink":"https:\/\/wp.me\/p6RhLt-qRN","jetpack_sharing_enabled":true,"_links":{"self":[{"href":"https:\/\/eldiariodesanpedro.com.ar\/sitio\/wp-json\/wp\/v2\/posts\/103279","targetHints":{"allow":["GET"]}}],"collection":[{"href":"https:\/\/eldiariodesanpedro.com.ar\/sitio\/wp-json\/wp\/v2\/posts"}],"about":[{"href":"https:\/\/eldiariodesanpedro.com.ar\/sitio\/wp-json\/wp\/v2\/types\/post"}],"author":[{"embeddable":true,"href":"https:\/\/eldiariodesanpedro.com.ar\/sitio\/wp-json\/wp\/v2\/users\/4"}],"replies":[{"embeddable":true,"href":"https:\/\/eldiariodesanpedro.com.ar\/sitio\/wp-json\/wp\/v2\/comments?post=103279"}],"version-history":[{"count":1,"href":"https:\/\/eldiariodesanpedro.com.ar\/sitio\/wp-json\/wp\/v2\/posts\/103279\/revisions"}],"predecessor-version":[{"id":103281,"href":"https:\/\/eldiariodesanpedro.com.ar\/sitio\/wp-json\/wp\/v2\/posts\/103279\/revisions\/103281"}],"wp:featuredmedia":[{"embeddable":true,"href":"https:\/\/eldiariodesanpedro.com.ar\/sitio\/wp-json\/wp\/v2\/media\/103280"}],"wp:attachment":[{"href":"https:\/\/eldiariodesanpedro.com.ar\/sitio\/wp-json\/wp\/v2\/media?parent=103279"}],"wp:term":[{"taxonomy":"category","embeddable":true,"href":"https:\/\/eldiariodesanpedro.com.ar\/sitio\/wp-json\/wp\/v2\/categories?post=103279"},{"taxonomy":"post_tag","embeddable":true,"href":"https:\/\/eldiariodesanpedro.com.ar\/sitio\/wp-json\/wp\/v2\/tags?post=103279"}],"curies":[{"name":"wp","href":"https:\/\/api.w.org\/{rel}","templated":true}]}}