{"id":103276,"date":"2022-01-24T10:48:28","date_gmt":"2022-01-24T13:48:28","guid":{"rendered":"https:\/\/eldiariodesanpedro.com.ar\/sitio\/?p=103276"},"modified":"2022-01-24T10:48:30","modified_gmt":"2022-01-24T13:48:30","slug":"hallan-fosil-de-caballo-extinto-sudamericano-2","status":"publish","type":"post","link":"https:\/\/eldiariodesanpedro.com.ar\/sitio\/hallan-fosil-de-caballo-extinto-sudamericano-2\/","title":{"rendered":"Hallan f\u00f3sil de caballo extinto sudamericano"},"content":{"rendered":"<!-- VideographyWP Plugin Message: Automatic video embedding prevented by plugin options. -->\n\n<p><strong>Es de una especie algo m\u00e1s chica que el caballo que conocemos y fue recuperada por el Grupo Conservacionista de F\u00f3siles<\/strong><\/p>\n\n\n\n<p>El equipo del Museo Paleontol\u00f3gico de San Pedro ha recuperado una rama mandibular con dentici\u00f3n de un ejemplar de <strong><em>Hippidion<\/em><\/strong><strong>, <\/strong><strong>un animal de talla algo m\u00e1s pe<\/strong><strong>que\u00f1a que los caballos actuales<\/strong><strong> <\/strong><strong>pero <\/strong><strong>de aspecto algo m\u00e1s robusto y con ciertas adaptaciones en sus extremidades para vivir en climas probablemente fr\u00edos, h\u00famedos y ambientes algo boscosos y con suelos blandos.<\/strong><\/p>\n\n\n\n<p>El f\u00f3sil fue hallado por <strong>Jos\u00e9 Luis Aguilar, Javier Saucedo <\/strong>y<strong> Jorge Mart\u00ednez<\/strong>, integrantes del museo, en sedimentos depositados en la zona a finales de la edad Lujanense, por lo que su antig\u00fcedad se estima entre los 10.000 y 20.000 a\u00f1os.<\/p>\n\n\n\n<p>Desde el museo explican que \u201c<em>Si pudi\u00e9ramos ver con vida un ejemplar de Hippidon, tal vez nos recordar\u00eda, por su contextura f\u00edsica, a las cebras actuales; fue un animal m\u00e1s bien bajo, algo fornido, con extremidades m\u00e1s cortas que el esbelto caballo actual (Equus) y un cr\u00e1neo de mayores proporciones en relaci\u00f3n al largo y alto de su cuerpo. No existen evidencias, a\u00fan, que permitan saber qu\u00e9 tipo y color de pelaje desarrollaron estos mam\u00edferos corredores.<\/em><\/p>\n\n\n\n<p><em>Sudam\u00e9rica tuvo dos g\u00e9neros de caballos galopando por sus tierras. Uno fue Equus, el caballo que todos conocemos en la actualidad; alto, esbelto, veloz, adaptado a las \u00e1reas abiertas muy caracter\u00edsticas de la regi\u00f3n pampeana. Y por otro lado, conviviendo en estos territorios, el g\u00e9nero Hippidion; un caballo algo m\u00e1s bajo pero de aspecto m\u00e1s fornido. Adaptado, probablemente, a zonas de vegetaci\u00f3n algo m\u00e1s cerrada.<\/em><\/p>\n\n\n\n<p><em>Ambos g\u00e9neros desaparecieron del continente americano hace unos 8.000 a 10.000 a\u00f1os atr\u00e1s. Hippidion se fue para siempre pero Equus, el caballo actual, sobrevivi\u00f3 en Europa y Asia, desde donde fue reinsertado por los conquistadores a partir de la llegada de Col\u00f3n<\/em>.\u201d&nbsp; <strong><\/strong><\/p>\n\n\n\n<p>El <strong>Dr. Eduardo Tonni<\/strong>, Profesor Em\u00e9rito de la Universidad Nacional de La Plata y miembro de la Divisi\u00f3n Paleontolog\u00eda de la Facultad de Ciencias Naturales, comenta que \u201c<em>Los caballos sudamericanos extinguidos del g\u00e9nero Hippidion \u2013del griego hippos, caballo\u2013,&nbsp; se caracterizan por la retracci\u00f3n de la hendidura nasal hasta el nivel del segundo molar superior. Como consecuencia de esta retracci\u00f3n, el nasal se estrecha y se alarga formando una especie de estilete.<\/em><\/p>\n\n\n\n<p><em>El tama\u00f1o del cr\u00e1neo es grande con relaci\u00f3n al esqueleto. La dentici\u00f3n es primitiva, ya que comparte ciertos caracteres con Pliohippus, una forma ancestral del Plioceno de Am\u00e9rica del Norte.<\/em><\/p>\n\n\n\n<p><em>La conformaci\u00f3n de sus extremidades, proporcionalmente cortas y anchas, le confieren al animal un aspecto masivo.<\/em><\/p>\n\n\n\n<p><em>Los restos m\u00e1s antiguos de Hippidion proceden de la localidad de Esquina Blanca, situada en el departamento de Humahuaca (provincia de Jujuy, Argentina), donde los sedimentos portadores datan de alrededor de 2 millones y medio de a\u00f1os.<\/em>\u201d<\/p>\n\n\n\n<p>La mand\u00edbula de <em>Hippidion<\/em> hallada ya se ha sumado a la colecci\u00f3n del Museo de San Pedro para conocimiento de sus visitantes.<\/p>\n\n\n\n<figure class=\"wp-block-image size-large\"><img decoding=\"async\" width=\"1024\" height=\"432\" data-attachment-id=\"103271\" data-permalink=\"https:\/\/eldiariodesanpedro.com.ar\/sitio\/hippidion-caballo-fosil\/\" data-orig-file=\"https:\/\/eldiariodesanpedro.com.ar\/sitio\/wp-content\/uploads\/2022\/01\/HIPPIDION-CABALLO-FOSIL.jpg\" data-orig-size=\"1200,506\" data-comments-opened=\"0\" data-image-meta=\"{&quot;aperture&quot;:&quot;0&quot;,&quot;credit&quot;:&quot;&quot;,&quot;camera&quot;:&quot;&quot;,&quot;caption&quot;:&quot;&quot;,&quot;created_timestamp&quot;:&quot;0&quot;,&quot;copyright&quot;:&quot;&quot;,&quot;focal_length&quot;:&quot;0&quot;,&quot;iso&quot;:&quot;0&quot;,&quot;shutter_speed&quot;:&quot;0&quot;,&quot;title&quot;:&quot;&quot;,&quot;orientation&quot;:&quot;1&quot;}\" data-image-title=\"HIPPIDION-CABALLO F\u00d3SIL\" data-image-description=\"\" data-image-caption=\"\" data-large-file=\"https:\/\/eldiariodesanpedro.com.ar\/sitio\/wp-content\/uploads\/2022\/01\/HIPPIDION-CABALLO-FOSIL-1024x432.jpg\" data-src=\"https:\/\/eldiariodesanpedro.com.ar\/sitio\/wp-content\/uploads\/2022\/01\/HIPPIDION-CABALLO-FOSIL-1024x432.jpg\" alt=\"\" class=\"wp-image-103271 lazyload\" data-srcset=\"https:\/\/eldiariodesanpedro.com.ar\/sitio\/wp-content\/uploads\/2022\/01\/HIPPIDION-CABALLO-FOSIL-1024x432.jpg 1024w, https:\/\/eldiariodesanpedro.com.ar\/sitio\/wp-content\/uploads\/2022\/01\/HIPPIDION-CABALLO-FOSIL-300x127.jpg 300w, https:\/\/eldiariodesanpedro.com.ar\/sitio\/wp-content\/uploads\/2022\/01\/HIPPIDION-CABALLO-FOSIL-768x324.jpg 768w, https:\/\/eldiariodesanpedro.com.ar\/sitio\/wp-content\/uploads\/2022\/01\/HIPPIDION-CABALLO-FOSIL.jpg 1200w\" data-sizes=\"(max-width: 1024px) 100vw, 1024px\" src=\"data:image\/svg+xml;base64,PHN2ZyB3aWR0aD0iMSIgaGVpZ2h0PSIxIiB4bWxucz0iaHR0cDovL3d3dy53My5vcmcvMjAwMC9zdmciPjwvc3ZnPg==\" style=\"--smush-placeholder-width: 1024px; --smush-placeholder-aspect-ratio: 1024\/432;\" \/><\/figure>\n","protected":false},"excerpt":{"rendered":"<p>Es de una especie algo m\u00e1s chica que el caballo que conocemos y fue recuperada por el Grupo Conservacionista de F\u00f3siles El equipo del Museo Paleontol\u00f3gico de San Pedro ha recuperado una rama mandibular con dentici\u00f3n de un ejemplar de Hippidion, un animal de talla algo m\u00e1s peque\u00f1a que los caballos actuales pero de aspecto [&hellip;]<\/p>\n","protected":false},"author":4,"featured_media":103272,"comment_status":"closed","ping_status":"closed","sticky":false,"template":"","format":"standard","meta":{"om_disable_all_campaigns":false,"_jetpack_memberships_contains_paid_content":false,"footnotes":""},"categories":[50,101,2],"tags":[197,696,33,19],"class_list":["post-103276","post","type-post","status-publish","format-standard","has-post-thumbnail","hentry","category-destacadas","category-interes-general-locales","category-locales","tag-buenos-aires","tag-interes-general","tag-locales","tag-san-pedro"],"aioseo_notices":[],"gutentor_comment":0,"jetpack_featured_media_url":"https:\/\/eldiariodesanpedro.com.ar\/sitio\/wp-content\/uploads\/2022\/01\/IMG_20220121_173805211JB.jpg","jetpack_shortlink":"https:\/\/wp.me\/p6RhLt-qRK","jetpack_sharing_enabled":true,"_links":{"self":[{"href":"https:\/\/eldiariodesanpedro.com.ar\/sitio\/wp-json\/wp\/v2\/posts\/103276","targetHints":{"allow":["GET"]}}],"collection":[{"href":"https:\/\/eldiariodesanpedro.com.ar\/sitio\/wp-json\/wp\/v2\/posts"}],"about":[{"href":"https:\/\/eldiariodesanpedro.com.ar\/sitio\/wp-json\/wp\/v2\/types\/post"}],"author":[{"embeddable":true,"href":"https:\/\/eldiariodesanpedro.com.ar\/sitio\/wp-json\/wp\/v2\/users\/4"}],"replies":[{"embeddable":true,"href":"https:\/\/eldiariodesanpedro.com.ar\/sitio\/wp-json\/wp\/v2\/comments?post=103276"}],"version-history":[{"count":1,"href":"https:\/\/eldiariodesanpedro.com.ar\/sitio\/wp-json\/wp\/v2\/posts\/103276\/revisions"}],"predecessor-version":[{"id":103278,"href":"https:\/\/eldiariodesanpedro.com.ar\/sitio\/wp-json\/wp\/v2\/posts\/103276\/revisions\/103278"}],"wp:featuredmedia":[{"embeddable":true,"href":"https:\/\/eldiariodesanpedro.com.ar\/sitio\/wp-json\/wp\/v2\/media\/103272"}],"wp:attachment":[{"href":"https:\/\/eldiariodesanpedro.com.ar\/sitio\/wp-json\/wp\/v2\/media?parent=103276"}],"wp:term":[{"taxonomy":"category","embeddable":true,"href":"https:\/\/eldiariodesanpedro.com.ar\/sitio\/wp-json\/wp\/v2\/categories?post=103276"},{"taxonomy":"post_tag","embeddable":true,"href":"https:\/\/eldiariodesanpedro.com.ar\/sitio\/wp-json\/wp\/v2\/tags?post=103276"}],"curies":[{"name":"wp","href":"https:\/\/api.w.org\/{rel}","templated":true}]}}