{"id":103265,"date":"2022-01-21T20:40:25","date_gmt":"2022-01-21T23:40:25","guid":{"rendered":"https:\/\/eldiariodesanpedro.com.ar\/sitio\/?p=103265"},"modified":"2022-01-21T20:40:26","modified_gmt":"2022-01-21T23:40:26","slug":"solicitud-de-cotizacion-para-la-provision-de-utensilios-de-cocina-y-vajillas-de-comedor-2","status":"publish","type":"post","link":"https:\/\/eldiariodesanpedro.com.ar\/sitio\/solicitud-de-cotizacion-para-la-provision-de-utensilios-de-cocina-y-vajillas-de-comedor-2\/","title":{"rendered":"Solicitud de cotizaci\u00f3n para la provisi\u00f3n de utensilios de cocina y vajillas de comedor"},"content":{"rendered":"<!-- VideographyWP Plugin Message: Automatic video embedding prevented by plugin options. -->\n\n<p>Consejo Escolar informa que desde\u00a0el 24 al 28 de enero de 2022 estar\u00e1 a disposici\u00f3n la solicitud de cotizaci\u00f3n para la provisi\u00f3n de utensilios de cocina y vajillas de comedor.\u00a0<\/p>\n\n\n\n<p>Apertura de ofertas\u00a0el 2 de febrero de 2022 a las 9,00 hs. El retiro de la solicitud y las consultas se har\u00e1n en la Sede del Consejo Escolar (Ayacucho e Ituzaing\u00f3) de 8 a 12 hs.<\/p>\n","protected":false},"excerpt":{"rendered":"<p>Consejo Escolar informa que desde\u00a0el 24 al 28 de enero de 2022 estar\u00e1 a disposici\u00f3n la solicitud de cotizaci\u00f3n para la provisi\u00f3n de utensilios de cocina y vajillas de comedor.\u00a0 Apertura de ofertas\u00a0el 2 de febrero de 2022 a las 9,00 hs. El retiro de la solicitud y las consultas se har\u00e1n en la Sede [&hellip;]<\/p>\n","protected":false},"author":4,"featured_media":103266,"comment_status":"closed","ping_status":"closed","sticky":false,"template":"","format":"standard","meta":{"om_disable_all_campaigns":false,"_jetpack_memberships_contains_paid_content":false,"footnotes":""},"categories":[815,676],"tags":[197,696,33,19],"class_list":["post-103265","post","type-post","status-publish","format-standard","has-post-thumbnail","hentry","category-consejo-escolar","category-edictos","tag-buenos-aires","tag-interes-general","tag-locales","tag-san-pedro"],"aioseo_notices":[],"gutentor_comment":0,"jetpack_featured_media_url":"https:\/\/eldiariodesanpedro.com.ar\/sitio\/wp-content\/uploads\/2022\/01\/Concejo-escolar-21-01-2022.jpg","jetpack_shortlink":"https:\/\/wp.me\/p6RhLt-qRz","jetpack_sharing_enabled":true,"_links":{"self":[{"href":"https:\/\/eldiariodesanpedro.com.ar\/sitio\/wp-json\/wp\/v2\/posts\/103265","targetHints":{"allow":["GET"]}}],"collection":[{"href":"https:\/\/eldiariodesanpedro.com.ar\/sitio\/wp-json\/wp\/v2\/posts"}],"about":[{"href":"https:\/\/eldiariodesanpedro.com.ar\/sitio\/wp-json\/wp\/v2\/types\/post"}],"author":[{"embeddable":true,"href":"https:\/\/eldiariodesanpedro.com.ar\/sitio\/wp-json\/wp\/v2\/users\/4"}],"replies":[{"embeddable":true,"href":"https:\/\/eldiariodesanpedro.com.ar\/sitio\/wp-json\/wp\/v2\/comments?post=103265"}],"version-history":[{"count":1,"href":"https:\/\/eldiariodesanpedro.com.ar\/sitio\/wp-json\/wp\/v2\/posts\/103265\/revisions"}],"predecessor-version":[{"id":103267,"href":"https:\/\/eldiariodesanpedro.com.ar\/sitio\/wp-json\/wp\/v2\/posts\/103265\/revisions\/103267"}],"wp:featuredmedia":[{"embeddable":true,"href":"https:\/\/eldiariodesanpedro.com.ar\/sitio\/wp-json\/wp\/v2\/media\/103266"}],"wp:attachment":[{"href":"https:\/\/eldiariodesanpedro.com.ar\/sitio\/wp-json\/wp\/v2\/media?parent=103265"}],"wp:term":[{"taxonomy":"category","embeddable":true,"href":"https:\/\/eldiariodesanpedro.com.ar\/sitio\/wp-json\/wp\/v2\/categories?post=103265"},{"taxonomy":"post_tag","embeddable":true,"href":"https:\/\/eldiariodesanpedro.com.ar\/sitio\/wp-json\/wp\/v2\/tags?post=103265"}],"curies":[{"name":"wp","href":"https:\/\/api.w.org\/{rel}","templated":true}]}}