{"id":103262,"date":"2022-01-21T16:37:26","date_gmt":"2022-01-21T19:37:26","guid":{"rendered":"https:\/\/eldiariodesanpedro.com.ar\/sitio\/?p=103262"},"modified":"2022-01-21T16:37:28","modified_gmt":"2022-01-21T19:37:28","slug":"gobernador-castro-un-ciudadano-detenido-acusado-de-abusar-sexualmente-con-acceso-carnal-de-una-nina-de-10-anos","status":"publish","type":"post","link":"https:\/\/eldiariodesanpedro.com.ar\/sitio\/gobernador-castro-un-ciudadano-detenido-acusado-de-abusar-sexualmente-con-acceso-carnal-de-una-nina-de-10-anos\/","title":{"rendered":"Gobernador Castro: un ciudadano detenido acusado de abusar sexualmente con acceso carnal de una ni\u00f1a de 10 a\u00f1os"},"content":{"rendered":"<!-- VideographyWP Plugin Message: Automatic video embedding prevented by plugin options. -->\n\n<p>La DDI San Pedro &#8211; Baradero realizo este viernes la detencion de un ciudadano de la vecina localidad de Gobernador Castropor un caso de abuso sexual que tuvo como victima a una nil\u00f1a de 10 a\u00f1os.<\/p>\n\n\n\n<p>Este viernes alrededor de las 14 hs el personal policial de la DDI realiz\u00f3 la detenci\u00f3n de un ciudadano de 49 a\u00f1os acusado de abusar sexualmente de una ni\u00f1a de 10 a\u00f1os de edad quien ser\u00eda familiar suya y los abusos habr\u00edan sido realizados cuando la menor estaba a su cuidado.&nbsp;<\/p>\n\n\n\n<p>La denuncia fue realizada por su madre en la Comisar\u00eda de la Mujer y la Familia&nbsp; en los primeros d\u00edas de enero y tras la investigaci\u00f3n de la fiscal\u00eda de turno se realizaron los estudios y c\u00e1mara Gessel a la menor donde se pudo determinar la orden de detenci\u00f3n de esta persona.<\/p>\n\n\n\n<p>Segun se pudo determinar la denuncia seria por \u201cabuso sexual gravemente ultrajante y con acceso carnal\u201d.<\/p>\n\n\n\n<p>El detenido ser\u00e1 trasladado a la DDI de San Nicol\u00e1s donde permanecer\u00e1 alojado.<\/p>\n","protected":false},"excerpt":{"rendered":"<p>La DDI San Pedro &#8211; Baradero realizo este viernes la detencion de un ciudadano de la vecina localidad de Gobernador Castropor un caso de abuso sexual que tuvo como victima a una nil\u00f1a de 10 a\u00f1os. Este viernes alrededor de las 14 hs el personal policial de la DDI realiz\u00f3 la detenci\u00f3n de un ciudadano [&hellip;]<\/p>\n","protected":false},"author":4,"featured_media":103263,"comment_status":"closed","ping_status":"closed","sticky":false,"template":"","format":"standard","meta":{"om_disable_all_campaigns":false,"_jetpack_memberships_contains_paid_content":false,"footnotes":""},"categories":[50,2,103],"tags":[197,2629,696,33,95,19],"class_list":["post-103262","post","type-post","status-publish","format-standard","has-post-thumbnail","hentry","category-destacadas","category-locales","category-policiales-locales","tag-buenos-aires","tag-gobernador-castro-un-ciudadano-detenido-acusado-de-abusar-sexualmente-con-acceso-carnal-de-una-nina-de-10-anos","tag-interes-general","tag-locales","tag-policiales","tag-san-pedro"],"aioseo_notices":[],"gutentor_comment":0,"jetpack_featured_media_url":"https:\/\/eldiariodesanpedro.com.ar\/sitio\/wp-content\/uploads\/2022\/01\/medida-20.jpg","jetpack_shortlink":"https:\/\/wp.me\/p6RhLt-qRw","jetpack_sharing_enabled":true,"_links":{"self":[{"href":"https:\/\/eldiariodesanpedro.com.ar\/sitio\/wp-json\/wp\/v2\/posts\/103262","targetHints":{"allow":["GET"]}}],"collection":[{"href":"https:\/\/eldiariodesanpedro.com.ar\/sitio\/wp-json\/wp\/v2\/posts"}],"about":[{"href":"https:\/\/eldiariodesanpedro.com.ar\/sitio\/wp-json\/wp\/v2\/types\/post"}],"author":[{"embeddable":true,"href":"https:\/\/eldiariodesanpedro.com.ar\/sitio\/wp-json\/wp\/v2\/users\/4"}],"replies":[{"embeddable":true,"href":"https:\/\/eldiariodesanpedro.com.ar\/sitio\/wp-json\/wp\/v2\/comments?post=103262"}],"version-history":[{"count":1,"href":"https:\/\/eldiariodesanpedro.com.ar\/sitio\/wp-json\/wp\/v2\/posts\/103262\/revisions"}],"predecessor-version":[{"id":103264,"href":"https:\/\/eldiariodesanpedro.com.ar\/sitio\/wp-json\/wp\/v2\/posts\/103262\/revisions\/103264"}],"wp:featuredmedia":[{"embeddable":true,"href":"https:\/\/eldiariodesanpedro.com.ar\/sitio\/wp-json\/wp\/v2\/media\/103263"}],"wp:attachment":[{"href":"https:\/\/eldiariodesanpedro.com.ar\/sitio\/wp-json\/wp\/v2\/media?parent=103262"}],"wp:term":[{"taxonomy":"category","embeddable":true,"href":"https:\/\/eldiariodesanpedro.com.ar\/sitio\/wp-json\/wp\/v2\/categories?post=103262"},{"taxonomy":"post_tag","embeddable":true,"href":"https:\/\/eldiariodesanpedro.com.ar\/sitio\/wp-json\/wp\/v2\/tags?post=103262"}],"curies":[{"name":"wp","href":"https:\/\/api.w.org\/{rel}","templated":true}]}}